{"id":665,"date":"2019-04-13T20:49:00","date_gmt":"2019-04-13T18:49:00","guid":{"rendered":"https:\/\/hcpderie.fr\/myfreshinstall01\/?p=665"},"modified":"2026-04-26T10:27:04","modified_gmt":"2026-04-26T08:27:04","slug":"publication-les-guerres-de-vendee-au-pays-de-rie","status":"publish","type":"post","link":"https:\/\/hcpderie.fr\/?p=665","title":{"rendered":"Les Guerres de Vend\u00e9e au Pays de Ri\u00e9"},"content":{"rendered":"\t\t<div data-elementor-type=\"wp-post\" data-elementor-id=\"665\" class=\"elementor elementor-665\">\n\t\t\t\t<div class=\"elementor-element elementor-element-dae0cb4 e-con-full e-flex e-con e-parent\" data-id=\"dae0cb4\" data-element_type=\"container\" data-e-type=\"container\">\n\t\t\t\t<div class=\"elementor-element elementor-element-98585ad elementor-widget__width-initial elementor-widget elementor-widget-heading\" data-id=\"98585ad\" data-element_type=\"widget\" data-e-type=\"widget\" data-widget_type=\"heading.default\">\n\t\t\t\t\t<h2 class=\"elementor-heading-title elementor-size-default\">Les Guerres de Vend\u00e9e au Pays de Ri\u00e9<\/h2>\t\t\t\t<\/div>\n\t\t\t\t<\/div>\n\t\t<div class=\"elementor-element elementor-element-9400167 e-con-full e-flex e-con e-parent\" data-id=\"9400167\" data-element_type=\"container\" data-e-type=\"container\">\n\t\t\t\t<div class=\"elementor-element elementor-element-d37e923 elementor-widget__width-initial elementor-widget elementor-widget-text-editor\" data-id=\"d37e923\" data-element_type=\"widget\" data-e-type=\"widget\" data-widget_type=\"text-editor.default\">\n\t\t\t\t\t\t\t\t\t<h5>\u00a0<\/h5><h5 data-path-to-node=\"3\"><span data-path-to-node=\"3,1\"><span class=\"citation-444\">L\u2019Association <\/span><b data-path-to-node=\"3,1\" data-index-in-node=\"14\"><span class=\"citation-444\">Histoire, Culture et Patrimoine du Pays de Ri\u00e9<\/span><\/b><span class=\"citation-444\"> publie un troisi\u00e8me cahier sur les heures dramatiques de la R\u00e9volution fran\u00e7aise dans notre r\u00e9gion<\/span><\/span><span data-path-to-node=\"3,3\">. Cette<\/span><span data-path-to-node=\"3,5\"><span class=\"citation-443\">\u00a0brochure d\u00e9montre comment le littoral est devenu un \u00ab poumon \u00bb strat\u00e9gique, seule voie d&rsquo;approvisionnement en armes et de liaison avec l&rsquo;Angleterre pour les insurg\u00e9s<\/span><\/span><span data-path-to-node=\"3,7\">.<\/span><\/h5><h5 data-path-to-node=\"3\"><span data-path-to-node=\"3,7\"> <a href=\"https:\/\/hcpderie.fr\/wp-content\/uploads\/2026\/02\/Document_2026-02-24_220053-scaled.jpg\"><img fetchpriority=\"high\" decoding=\"async\" class=\"wp-image-712 size-large aligncenter\" src=\"https:\/\/hcpderie.fr\/wp-content\/uploads\/2026\/02\/Document_2026-02-24_220053-723x1024.jpg\" alt=\"\" width=\"723\" height=\"1024\" srcset=\"https:\/\/hcpderie.fr\/wp-content\/uploads\/2026\/02\/Document_2026-02-24_220053-723x1024.jpg 723w, https:\/\/hcpderie.fr\/wp-content\/uploads\/2026\/02\/Document_2026-02-24_220053-212x300.jpg 212w, https:\/\/hcpderie.fr\/wp-content\/uploads\/2026\/02\/Document_2026-02-24_220053-768x1087.jpg 768w, https:\/\/hcpderie.fr\/wp-content\/uploads\/2026\/02\/Document_2026-02-24_220053-1085x1536.jpg 1085w, https:\/\/hcpderie.fr\/wp-content\/uploads\/2026\/02\/Document_2026-02-24_220053-1447x2048.jpg 1447w, https:\/\/hcpderie.fr\/wp-content\/uploads\/2026\/02\/Document_2026-02-24_220053-scaled.jpg 1808w\" sizes=\"(max-width: 723px) 100vw, 723px\" \/><\/a><\/span><\/h5><h5 data-path-to-node=\"3\">\u00a0<\/h5><h5 data-path-to-node=\"3\"><b data-path-to-node=\"4\" data-index-in-node=\"0\">L&rsquo;insurrection de Mars 1793 \u00e0 Saint-Hilaire-de-Riez<\/b><\/h5><h5 data-path-to-node=\"3\"><b data-path-to-node=\"4\" data-index-in-node=\"0\">\u00a0<\/b><\/h5><h5 data-path-to-node=\"5,0,1\"><span data-path-to-node=\"5,0,1,0\"><b data-path-to-node=\"5,0,1,0\" data-index-in-node=\"0\"><span class=\"citation-442\">\u00a0Lionel Dumarcet<\/span><\/b><span class=\"citation-442\">, historien de profession nous donne u<\/span><\/span><span style=\"font-style: inherit; font-weight: inherit;\" data-path-to-node=\"5,1,1,0\"><span class=\"citation-441\">ne analyse rigoureuse bas\u00e9e sur les archives du Minist\u00e8re de la guerre, offrant une liste in\u00e9dite des insurg\u00e9s, leur origine sociale et leur localisation g\u00e9ographique<\/span><\/span><span style=\"font-style: inherit; font-weight: inherit;\" data-path-to-node=\"5,1,1,2\">.<\/span><\/h5><h5 data-path-to-node=\"7,0,1\"><span data-path-to-node=\"7,0,1,0\"><b data-path-to-node=\"7,0,1,0\" data-index-in-node=\"0\"><span class=\"citation-439\">\u00a0Patrick Avrillas<\/span><\/b><span class=\"citation-439\">, dresse u<\/span><\/span><span style=\"font-style: inherit; font-weight: inherit;\" data-path-to-node=\"7,1,1,0\"><span class=\"citation-438\">ne synth\u00e8se de la politique britannique et une d\u00e9monstration g\u00e9ographique de l&rsquo;int\u00e9r\u00eat des plages entre Sion et Saint-Jean-de-Monts pour les d\u00e9barquements d&rsquo;armes destin\u00e9s au Chevalier de Charette.\u00a0<\/span><\/span><span style=\"font-style: inherit; font-weight: inherit;\" data-path-to-node=\"7,2,1,0\"><span class=\"citation-437\">L&rsquo;\u00e9tude est illustr\u00e9e de cartes anciennes, pour la plupart in\u00e9dites<\/span><\/span><span style=\"font-style: inherit; font-weight: inherit;\" data-path-to-node=\"7,2,1,2\">.<\/span><\/h5><h5 data-path-to-node=\"7,0,1\"><span data-path-to-node=\"9,0,1,0\"><b data-path-to-node=\"9,0,1,0\" data-index-in-node=\"0\"><span class=\"citation-436\">Patrick Avrillas<\/span><\/b><\/span><span data-path-to-node=\"9,1,1,0\"><span class=\"citation-435\">\u00a0poursuit par le destin tragique de Louis de La Rochejaquelein lors de\u00a0 la tentative de soul\u00e8vement durant les Cent-Jours (1815) par le fr\u00e8re cadet de \u00ab Monsieur Henri \u00bb<\/span><\/span><span data-path-to-node=\"9,1,1,2\">.<\/span><\/h5><h5 class=\"source-inline-chip-container ng-star-inserted\"><span data-path-to-node=\"9,2,1,0\"><span class=\"citation-434\">Son aventure s&rsquo;ach\u00e8ve aux Mathes, entre Saint-Hilaire et Le Perrier, o\u00f9 il tombe sous les balles imp\u00e9riales<\/span><\/span><span data-path-to-node=\"9,2,1,2\">.<\/span><\/h5><h5 id=\"p-rc_9ebbaa2969f4d1d0-79\" data-path-to-node=\"9\"><span data-path-to-node=\"9,1\"><span class=\"citation-116\">\u00a0<\/span><\/span><\/h5><h5 id=\"p-rc_f92563d0aff59eb3-80\" data-path-to-node=\"4\"><span data-path-to-node=\"4,1\"><span class=\"citation-137 interactive-span-hovered\">Cette brochure ne se contente pas de relater des faits<\/span><\/span><span data-path-to-node=\"4,3\">. <\/span><span data-path-to-node=\"4,5\"><span class=\"citation-136\">En croisant les archives du Minist\u00e8re de la Guerre et les r\u00e9cits de l&rsquo;\u00e9poque, l&rsquo;Association Histoire, Culture et Patrimoine du Pays de Ri\u00e9 offre un \u00e9clairage indispensable pour comprendre pourquoi, deux si\u00e8cles plus tard, la m\u00e9moire de 1793 reste si vivace dans nos paysages et nos esprits<\/span><\/span><span data-path-to-node=\"4,7\">.<\/span><\/h5><h5 id=\"p-rc_f92563d0aff59eb3-80\" data-path-to-node=\"4\"><span data-path-to-node=\"4,7\">\u00a0<\/span><\/h5><h5 id=\"p-rc_f92563d0aff59eb3-80\" data-path-to-node=\"4\"><span data-path-to-node=\"4,7\">\u00a0<\/span><\/h5><hr \/><h5>Publication disponible au prix de 15 \u20ac :<\/h5><h5>aupr\u00e8s de l\u2019association HCP \u2013 Ecrire \u00e0 : contac@hcpderie.fr<\/h5><h5>\u00ab\u00a0Jardin de la Faye\u00a0\u00bb \u2013 76 avenue de la Faye \u2013 85270 SAINT HILAIRE DE RIEZ<\/h5><h5>dans les Offices de Tourisme de Saint Hilaire et Saint Gilles<\/h5><h5>dans les librairies et\u00a0grandes surfaces<\/h5><h5>Disponible \u00e9galement \u00e0 la m\u00e9diath\u00e8que de St-Hilaire-de-Riez<\/h5>\t\t\t\t\t\t\t\t<\/div>\n\t\t\t\t<\/div>\n\t\t<div class=\"elementor-element elementor-element-e62c2c3 e-flex e-con-boxed e-con e-parent\" data-id=\"e62c2c3\" data-element_type=\"container\" data-e-type=\"container\">\n\t\t\t\t\t<div class=\"e-con-inner\">\n\t\t\t\t<div class=\"elementor-element elementor-element-2997cee elementor-widget__width-initial elementor-widget elementor-widget-text-editor\" data-id=\"2997cee\" data-element_type=\"widget\" data-e-type=\"widget\" data-widget_type=\"text-editor.default\">\n\t\t\t\t\t\t\t\t\t<p>\u00a0<\/p><p>\u00a0<\/p><p>The Wars of the Vend\u00e9e in the Pays de Ri\u00e9<\/p><h5 data-path-to-node=\"3\"><span data-path-to-node=\"3,1\"><span class=\"citation-444\">\u00a0<\/span><\/span><span data-path-to-node=\"3,1\"><span class=\"citation-444\">\u00a0<\/span><\/span><\/h5><h5 data-path-to-node=\"3\"><span data-path-to-node=\"3,1\"><span class=\"citation-444\">The Association <\/span><b data-index-in-node=\"14\" data-path-to-node=\"3,1\"><span class=\"citation-444\">Histoire, Culture et Patrimoine du Pays de Ri\u00e9<\/span><\/b><span class=\"citation-444\"> has published a third booklet on the dramatic events of the French Revolution in our region<\/span><\/span><span data-path-to-node=\"3,3\">. This brochure demonstrates how the coastline became a strategic \u00ab\u00a0lifeline\u00a0\u00bb, the only route for supplying weapons and maintaining contact with England for the insurgents.<\/span><\/h5><h5 data-path-to-node=\"3\">\u00a0<\/h5><h5 data-path-to-node=\"3\">\u00a0<\/h5><h5 data-path-to-node=\"3\"><b data-index-in-node=\"0\" data-path-to-node=\"4\">The March 1793 uprising in Saint-Hilaire-de-Riez<\/b><\/h5><h5 data-path-to-node=\"3\"><b data-index-in-node=\"0\" data-path-to-node=\"4\">\u00a0<\/b><\/h5><h5 data-path-to-node=\"5,0,1\"><span data-path-to-node=\"5,0,1,0\"><b data-index-in-node=\"0\" data-path-to-node=\"5,0,1,0\"><span class=\"citation-442\">\u00a0 Lionel Dumarcet<\/span><\/b><span class=\"citation-442\">, a historian by profession, provides us with a rigorous analysis based on the archives of the Ministry of War, offering a previously unpublished list of insurgents, their social origins and their geographical locations<span data-path-to-node=\"5,1,1,2\">.<\/span><\/span><\/span><\/h5><h5 data-path-to-node=\"7,0,1\"><span data-path-to-node=\"7,0,1,0\"><b data-index-in-node=\"0\" data-path-to-node=\"7,0,1,0\"><span class=\"citation-439\">\u00a0 Patrick Avrillas<\/span><\/b><span class=\"citation-439\">, provides an overview of British policy and a geographical demonstration of the importance of the beaches between Sion and Saint-Jean-de-Monts for the landing of weapons destined for the Chevalier de Charette. <span data-path-to-node=\"7,2,1,0\"><span class=\"citation-437\">The study is illustrated with old maps, most of which are unpublished<\/span><\/span><span data-path-to-node=\"7,2,1,2\">.<\/span><\/span><\/span><\/h5><h5 data-path-to-node=\"7,0,1\"><span data-path-to-node=\"9,0,1,0\"><b data-index-in-node=\"0\" data-path-to-node=\"9,0,1,0\"><span class=\"citation-436\">Patrick Avrillas<\/span><\/b><\/span><span data-path-to-node=\"9,1,1,0\"><span class=\"citation-435\">\u00a0continues with the tragic fate of Louis de La Rochejaquelein during the attempted uprising during the Hundred Days (1815) by the younger brother of \u00ab\u00a0Monsieur Henri\u00a0\u00bb<\/span><\/span><span data-path-to-node=\"9,1,1,2\">.<\/span><\/h5><h5 class=\"source-inline-chip-container ng-star-inserted\"><span data-path-to-node=\"9,2,1,0\"><span class=\"citation-434\">His adventure ended in Les Mathes, between Saint-Hilaire and Le Perrier, where he was shot by imperial forces<\/span><\/span><span data-path-to-node=\"9,2,1,2\">.<\/span><\/h5><h5 id=\"p-rc_9ebbaa2969f4d1d0-79\" data-path-to-node=\"9\"><span data-path-to-node=\"9,1\"><span class=\"citation-116\">\u00a0<\/span><\/span><\/h5><h5 id=\"p-rc_f92563d0aff59eb3-80\" data-path-to-node=\"4\"><span data-path-to-node=\"4,1\"><span class=\"citation-137 interactive-span-hovered\">This brochure does more than just recount facts<\/span><\/span><span data-path-to-node=\"4,3\">. <\/span><span data-path-to-node=\"4,5\"><span class=\"citation-136\">By cross-referencing the archives of the Ministry of War with contemporary accounts, the Association Histoire, Culture et Patrimoine du Pays de Ri\u00e9 (Ri\u00e9 Region History, Culture and Heritage Association) sheds essential light on why, two centuries later, the memory of 1793 remains so vivid in our landscapes and our minds<\/span><\/span><span data-path-to-node=\"4,7\">.<\/span><\/h5>\t\t\t\t\t\t\t\t<\/div>\n\t\t\t\t\t<\/div>\n\t\t\t\t<\/div>\n\t\t<div class=\"elementor-element elementor-element-a6f7146 e-flex e-con-boxed e-con e-parent\" data-id=\"a6f7146\" data-element_type=\"container\" data-e-type=\"container\">\n\t\t\t\t\t<div class=\"e-con-inner\">\n\t\t\t\t<div class=\"elementor-element elementor-element-22c27c8 elementor-widget elementor-widget-image\" data-id=\"22c27c8\" data-element_type=\"widget\" data-e-type=\"widget\" data-widget_type=\"image.default\">\n\t\t\t\t\t\t\t\t\t\t\t\t\t\t\t<img decoding=\"async\" width=\"679\" height=\"1024\" src=\"https:\/\/hcpderie.fr\/wp-content\/uploads\/2019\/04\/Capture-decran-2026-03-12-211755-679x1024.webp\" class=\"attachment-large size-large wp-image-2464\" alt=\"\" srcset=\"https:\/\/hcpderie.fr\/wp-content\/uploads\/2019\/04\/Capture-decran-2026-03-12-211755-679x1024.webp 679w, https:\/\/hcpderie.fr\/wp-content\/uploads\/2019\/04\/Capture-decran-2026-03-12-211755-199x300.webp 199w, https:\/\/hcpderie.fr\/wp-content\/uploads\/2019\/04\/Capture-decran-2026-03-12-211755.webp 739w\" sizes=\"(max-width: 679px) 100vw, 679px\" \/>\t\t\t\t\t\t\t\t\t\t\t\t\t\t\t<\/div>\n\t\t\t\t\t<\/div>\n\t\t\t\t<\/div>\n\t\t<div class=\"elementor-element elementor-element-ec881f4 e-flex e-con-boxed e-con e-parent\" data-id=\"ec881f4\" data-element_type=\"container\" data-e-type=\"container\">\n\t\t\t\t\t<div class=\"e-con-inner\">\n\t\t\t\t<div class=\"elementor-element elementor-element-88389d4 elementor-widget elementor-widget-image\" data-id=\"88389d4\" data-element_type=\"widget\" data-e-type=\"widget\" data-widget_type=\"image.default\">\n\t\t\t\t\t\t\t\t\t\t\t\t\t\t\t<img decoding=\"async\" width=\"694\" height=\"1024\" src=\"https:\/\/hcpderie.fr\/wp-content\/uploads\/2019\/04\/Capture-decran-2026-03-12-212030-694x1024.webp\" class=\"attachment-large size-large wp-image-2462\" alt=\"\" srcset=\"https:\/\/hcpderie.fr\/wp-content\/uploads\/2019\/04\/Capture-decran-2026-03-12-212030-694x1024.webp 694w, https:\/\/hcpderie.fr\/wp-content\/uploads\/2019\/04\/Capture-decran-2026-03-12-212030-203x300.webp 203w, https:\/\/hcpderie.fr\/wp-content\/uploads\/2019\/04\/Capture-decran-2026-03-12-212030.webp 756w\" sizes=\"(max-width: 694px) 100vw, 694px\" \/>\t\t\t\t\t\t\t\t\t\t\t\t\t\t\t<\/div>\n\t\t\t\t\t<\/div>\n\t\t\t\t<\/div>\n\t\t<div class=\"elementor-element elementor-element-16edfab e-flex e-con-boxed e-con e-parent\" data-id=\"16edfab\" data-element_type=\"container\" data-e-type=\"container\">\n\t\t\t\t\t<div class=\"e-con-inner\">\n\t\t\t\t<div class=\"elementor-element elementor-element-e54f8aa elementor-widget elementor-widget-image\" data-id=\"e54f8aa\" data-element_type=\"widget\" data-e-type=\"widget\" data-widget_type=\"image.default\">\n\t\t\t\t\t\t\t\t\t\t\t\t\t\t\t<img loading=\"lazy\" decoding=\"async\" width=\"721\" height=\"1024\" src=\"https:\/\/hcpderie.fr\/wp-content\/uploads\/2019\/04\/Capture-decran-2026-03-12-212158-721x1024.webp\" class=\"attachment-large size-large wp-image-2463\" alt=\"\" srcset=\"https:\/\/hcpderie.fr\/wp-content\/uploads\/2019\/04\/Capture-decran-2026-03-12-212158-721x1024.webp 721w, https:\/\/hcpderie.fr\/wp-content\/uploads\/2019\/04\/Capture-decran-2026-03-12-212158-211x300.webp 211w, https:\/\/hcpderie.fr\/wp-content\/uploads\/2019\/04\/Capture-decran-2026-03-12-212158-768x1091.webp 768w, https:\/\/hcpderie.fr\/wp-content\/uploads\/2019\/04\/Capture-decran-2026-03-12-212158.webp 784w\" sizes=\"(max-width: 721px) 100vw, 721px\" \/>\t\t\t\t\t\t\t\t\t\t\t\t\t\t\t<\/div>\n\t\t\t\t\t<\/div>\n\t\t\t\t<\/div>\n\t\t<div class=\"elementor-element elementor-element-e56e0fc e-flex e-con-boxed e-con e-parent\" data-id=\"e56e0fc\" data-element_type=\"container\" data-e-type=\"container\">\n\t\t\t\t\t<div class=\"e-con-inner\">\n\t\t\t\t<div class=\"elementor-element elementor-element-e1c8d31 tahefobu-main-menu-align-center tahefobu-main-menu-align--tabletleft tahefobu-main-menu-align--mobileleft tahefobu-sub-icon-caret-down tahefobu-nav-menu-bp-mobile tahefobu-mobile-menu-full-width tahefobu-mobile-menu-item-align-center tahefobu-mobile-toggle-v1 tahefobu-sub-divider-yes tahefobu-mobile-divider-yes elementor-widget elementor-widget-tahefobu-navigation-menu\" data-id=\"e1c8d31\" data-element_type=\"widget\" data-e-type=\"widget\" data-widget_type=\"tahefobu-navigation-menu.default\">\n\t\t\t\t<div class=\"elementor-widget-container\">\n\t\t\t\t\t<nav class=\"tahefobu-nav-menu-container tahefobu-nav-menu-horizontal\" data-trigger=\"hover\"><ul id=\"menu-1-e1c8d31\" class=\"tahefobu-nav-menu\"><li class=\"menu-item menu-item-type-post_type menu-item-object-page menu-item-home menu-item-988\"><a href=\"https:\/\/hcpderie.fr\/\" class=\"tahefobu-menu-item tahefobu-pointer-item menu-link\">Accueil<\/a><\/li>\n<\/ul><\/nav><nav class=\"tahefobu-mobile-nav-menu-container\"><div class=\"tahefobu-mobile-toggle-wrap\"><div class=\"tahefobu-mobile-toggle\"><span class=\"tahefobu-mobile-toggle-line\"><\/span><span class=\"tahefobu-mobile-toggle-line\"><\/span><span class=\"tahefobu-mobile-toggle-line\"><\/span><\/div><\/div><ul id=\"mobile-menu-2-e1c8d31\" class=\"tahefobu-mobile-nav-menu\"><li class=\"menu-item menu-item-type-post_type menu-item-object-page menu-item-home menu-item-988\"><a href=\"https:\/\/hcpderie.fr\/\" class=\"tahefobu-mobile-menu-item menu-link\">Accueil<\/a><\/li>\n<\/ul><\/nav>\t\t\t\t<\/div>\n\t\t\t\t<\/div>\n\t\t\t\t\t<\/div>\n\t\t\t\t<\/div>\n\t\t\t\t<\/div>\n\t\t","protected":false},"excerpt":{"rendered":"<p>Les Guerres de Vend\u00e9e au Pays de Ri\u00e9 \u00a0 L\u2019Association Histoire, Culture et Patrimoine du Pays de Ri\u00e9 publie un [&hellip;]<\/p>\n","protected":false},"author":1,"featured_media":671,"comment_status":"closed","ping_status":"closed","sticky":false,"template":"elementor_header_footer","format":"standard","meta":{"_angie_page":false,"site-sidebar-layout":"default","site-content-layout":"","ast-site-content-layout":"default","site-content-style":"default","site-sidebar-style":"default","ast-global-header-display":"","ast-banner-title-visibility":"","ast-main-header-display":"","ast-hfb-above-header-display":"","ast-hfb-below-header-display":"","ast-hfb-mobile-header-display":"","site-post-title":"","ast-breadcrumbs-content":"","ast-featured-img":"","footer-sml-layout":"","ast-disable-related-posts":"","theme-transparent-header-meta":"","adv-header-id-meta":"","stick-header-meta":"","header-above-stick-meta":"","header-main-stick-meta":"","header-below-stick-meta":"","astra-migrate-meta-layouts":"default","ast-page-background-enabled":"default","ast-page-background-meta":{"desktop":{"background-color":"var(--ast-global-color-5)","background-image":"","background-repeat":"repeat","background-position":"center center","background-size":"auto","background-attachment":"scroll","background-type":"","background-media":"","overlay-type":"","overlay-color":"","overlay-opacity":"","overlay-gradient":""},"tablet":{"background-color":"","background-image":"","background-repeat":"repeat","background-position":"center center","background-size":"auto","background-attachment":"scroll","background-type":"","background-media":"","overlay-type":"","overlay-color":"","overlay-opacity":"","overlay-gradient":""},"mobile":{"background-color":"","background-image":"","background-repeat":"repeat","background-position":"center center","background-size":"auto","background-attachment":"scroll","background-type":"","background-media":"","overlay-type":"","overlay-color":"","overlay-opacity":"","overlay-gradient":""}},"ast-content-background-meta":{"desktop":{"background-color":"var(--ast-global-color-4)","background-image":"","background-repeat":"repeat","background-position":"center center","background-size":"auto","background-attachment":"scroll","background-type":"","background-media":"","overlay-type":"","overlay-color":"","overlay-opacity":"","overlay-gradient":""},"tablet":{"background-color":"var(--ast-global-color-4)","background-image":"","background-repeat":"repeat","background-position":"center center","background-size":"auto","background-attachment":"scroll","background-type":"","background-media":"","overlay-type":"","overlay-color":"","overlay-opacity":"","overlay-gradient":""},"mobile":{"background-color":"var(--ast-global-color-4)","background-image":"","background-repeat":"repeat","background-position":"center center","background-size":"auto","background-attachment":"scroll","background-type":"","background-media":"","overlay-type":"","overlay-color":"","overlay-opacity":"","overlay-gradient":""}},"page_builder":"","_jetpack_memberships_contains_paid_content":false,"footnotes":""},"categories":[101,13],"tags":[38,41,42,37,40,43,124,8],"class_list":["post-665","post","type-post","status-publish","format-standard","has-post-thumbnail","hentry","category-brochure","category-publication","tag-bataille-rie","tag-fra","tag-francois-athanase-charette","tag-guerre-vendee","tag-louis-de-la-rochejaquelein","tag-patrick-avrillas","tag-revue","tag-saint-hilaire-de-riez"],"aioseo_notices":[],"jetpack_featured_media_url":"https:\/\/hcpderie.fr\/wp-content\/uploads\/2019\/04\/Les-guerres-de-Vendee-au-Pays-de-Rie-745x1024-1.jpg","jetpack_sharing_enabled":true,"jetpack_likes_enabled":true,"rttpg_featured_image_url":{"full":["https:\/\/hcpderie.fr\/wp-content\/uploads\/2019\/04\/Les-guerres-de-Vendee-au-Pays-de-Rie-745x1024-1.jpg",745,1024,false],"landscape":["https:\/\/hcpderie.fr\/wp-content\/uploads\/2019\/04\/Les-guerres-de-Vendee-au-Pays-de-Rie-745x1024-1.jpg",745,1024,false],"portraits":["https:\/\/hcpderie.fr\/wp-content\/uploads\/2019\/04\/Les-guerres-de-Vendee-au-Pays-de-Rie-745x1024-1.jpg",745,1024,false],"thumbnail":["https:\/\/hcpderie.fr\/wp-content\/uploads\/2019\/04\/Les-guerres-de-Vendee-au-Pays-de-Rie-745x1024-1-150x150.jpg",150,150,true],"medium":["https:\/\/hcpderie.fr\/wp-content\/uploads\/2019\/04\/Les-guerres-de-Vendee-au-Pays-de-Rie-745x1024-1-218x300.jpg",218,300,true],"large":["https:\/\/hcpderie.fr\/wp-content\/uploads\/2019\/04\/Les-guerres-de-Vendee-au-Pays-de-Rie-745x1024-1.jpg",745,1024,false],"1536x1536":["https:\/\/hcpderie.fr\/wp-content\/uploads\/2019\/04\/Les-guerres-de-Vendee-au-Pays-de-Rie-745x1024-1.jpg",745,1024,false],"2048x2048":["https:\/\/hcpderie.fr\/wp-content\/uploads\/2019\/04\/Les-guerres-de-Vendee-au-Pays-de-Rie-745x1024-1.jpg",745,1024,false]},"rttpg_author":{"display_name":"ADMIN17","author_link":"https:\/\/hcpderie.fr\/?author=1"},"rttpg_comment":0,"rttpg_category":"<a href=\"https:\/\/hcpderie.fr\/?cat=101\" rel=\"category\">brochure<\/a> <a href=\"https:\/\/hcpderie.fr\/?cat=13\" rel=\"category\">publication<\/a>","rttpg_excerpt":"Les Guerres de Vend\u00e9e au Pays de Ri\u00e9 \u00a0 L\u2019Association Histoire, Culture et Patrimoine du Pays de Ri\u00e9 publie un [&hellip;]","_links":{"self":[{"href":"https:\/\/hcpderie.fr\/index.php?rest_route=\/wp\/v2\/posts\/665","targetHints":{"allow":["GET"]}}],"collection":[{"href":"https:\/\/hcpderie.fr\/index.php?rest_route=\/wp\/v2\/posts"}],"about":[{"href":"https:\/\/hcpderie.fr\/index.php?rest_route=\/wp\/v2\/types\/post"}],"author":[{"embeddable":true,"href":"https:\/\/hcpderie.fr\/index.php?rest_route=\/wp\/v2\/users\/1"}],"replies":[{"embeddable":true,"href":"https:\/\/hcpderie.fr\/index.php?rest_route=%2Fwp%2Fv2%2Fcomments&post=665"}],"version-history":[{"count":32,"href":"https:\/\/hcpderie.fr\/index.php?rest_route=\/wp\/v2\/posts\/665\/revisions"}],"predecessor-version":[{"id":2468,"href":"https:\/\/hcpderie.fr\/index.php?rest_route=\/wp\/v2\/posts\/665\/revisions\/2468"}],"wp:featuredmedia":[{"embeddable":true,"href":"https:\/\/hcpderie.fr\/index.php?rest_route=\/wp\/v2\/media\/671"}],"wp:attachment":[{"href":"https:\/\/hcpderie.fr\/index.php?rest_route=%2Fwp%2Fv2%2Fmedia&parent=665"}],"wp:term":[{"taxonomy":"category","embeddable":true,"href":"https:\/\/hcpderie.fr\/index.php?rest_route=%2Fwp%2Fv2%2Fcategories&post=665"},{"taxonomy":"post_tag","embeddable":true,"href":"https:\/\/hcpderie.fr\/index.php?rest_route=%2Fwp%2Fv2%2Ftags&post=665"}],"curies":[{"name":"wp","href":"https:\/\/api.w.org\/{rel}","templated":true}]}}