{"id":3135,"date":"2024-09-18T14:01:00","date_gmt":"2024-09-18T12:01:00","guid":{"rendered":"https:\/\/hcpderie.fr\/?p=3135"},"modified":"2026-03-28T17:11:01","modified_gmt":"2026-03-28T16:11:01","slug":"ses-maquettes-presentees-a-lexposition-sur-le-camp-daviation-americain-de-saint-hilaire-de-riez","status":"publish","type":"post","link":"https:\/\/hcpderie.fr\/?p=3135","title":{"rendered":"Ses maquettes pr\u00e9sent\u00e9es \u00e0 l\u2019exposition sur le camp d\u2019aviation am\u00e9ricain de Saint-Hilaire-de-Riez"},"content":{"rendered":"\t\t<div data-elementor-type=\"wp-post\" data-elementor-id=\"3135\" class=\"elementor elementor-3135\">\n\t\t\t\t<div class=\"elementor-element elementor-element-5a1283b e-flex e-con-boxed e-con e-parent\" data-id=\"5a1283b\" data-element_type=\"container\" data-e-type=\"container\">\n\t\t\t\t\t<div class=\"e-con-inner\">\n\t\t\t\t<div class=\"elementor-element elementor-element-f7dc48d elementor-widget elementor-widget-heading\" data-id=\"f7dc48d\" data-element_type=\"widget\" data-e-type=\"widget\" data-widget_type=\"heading.default\">\n\t\t\t\t\t<h2 class=\"elementor-heading-title elementor-size-default\">Ses maquettes pr\u00e9sent\u00e9es \u00e0 l\u2019exposition sur le camp d\u2019aviation am\u00e9ricain de Saint-Hilaire-de-Riez<\/h2>\t\t\t\t<\/div>\n\t\t\t\t\t<\/div>\n\t\t\t\t<\/div>\n\t\t<div class=\"elementor-element elementor-element-758986c e-flex e-con-boxed e-con e-parent\" data-id=\"758986c\" data-element_type=\"container\" data-e-type=\"container\">\n\t\t\t\t\t<div class=\"e-con-inner\">\n\t\t\t\t<div class=\"elementor-element elementor-element-f140339 elementor-widget elementor-widget-text-editor\" data-id=\"f140339\" data-element_type=\"widget\" data-e-type=\"widget\" data-widget_type=\"text-editor.default\">\n\t\t\t\t\t\t\t\t\t<h5>Une exposition sur le camp d\u2019aviation am\u00e9ricain de la Premi\u00e8re Guerre mondiale \u00e0 Saint-Hilaire-de-Riez (Vend\u00e9e) est visible pour les Journ\u00e9es du patrimoine. Alain Gu\u00e9zennec a fabriqu\u00e9 les maquettes des avions utilis\u00e9s au camp \u00e0 l\u2019\u00e9poque.<\/h5><figure id=\"attachment_3138\" aria-describedby=\"caption-attachment-3138\" style=\"width: 630px\" class=\"wp-caption aligncenter\"><a href=\"https:\/\/hcpderie.fr\/wp-content\/uploads\/2026\/03\/maquette-guezennec.jpg\"><img fetchpriority=\"high\" decoding=\"async\" class=\"wp-image-3138 size-full\" src=\"https:\/\/hcpderie.fr\/wp-content\/uploads\/2026\/03\/maquette-guezennec.jpg\" alt=\"Dans le cadre de l\u2019exposition sur le camp d\u2019aviation du Champ Gaillard, \u00e0 Saint-Hilaire-de-Riez, Alain Gu\u00e9zennec a r\u00e9alis\u00e9 les maquettes des avions biplans.\" width=\"630\" height=\"354\" srcset=\"https:\/\/hcpderie.fr\/wp-content\/uploads\/2026\/03\/maquette-guezennec.jpg 630w, https:\/\/hcpderie.fr\/wp-content\/uploads\/2026\/03\/maquette-guezennec-300x169.jpg 300w\" sizes=\"(max-width: 630px) 100vw, 630px\" \/><\/a><figcaption id=\"caption-attachment-3138\" class=\"wp-caption-text\">Dans le cadre de l\u2019exposition sur le camp d\u2019aviation du Champ Gaillard, \u00e0 Saint-Hilaire-de-Riez, Alain Gu\u00e9zennec a r\u00e9alis\u00e9 les maquettes des avions biplans.<\/figcaption><\/figure><h5>\u00a0<\/h5><h5>Une tour \u00e0 m\u00e9taux, un fer \u00e0 souder, des pinceaux, des cutters, des colles pour diff\u00e9rents mat\u00e9riaux, des tubes d\u2019aluminium ou d\u2019acier\u2026 Situ\u00e9 au c\u0153ur de sa maison \u00e0 Saint-Hilaire-de-Riez (Vend\u00e9e), l\u2019atelier de fabrication de maquettes d\u2019Alain Gu\u00e9zennec est digne d\u2019un professionnel.<\/h5><div id=\"poool_pave1\">\u00a0<\/div><h5 id=\"bloc_3quarts_1__parentOf__placeholder_apres_1_paying_desktop\" class=\"_b su-visible-lg su-visible-xl\">\u00a0<span style=\"font-style: inherit; font-weight: inherit;\">En 50\u00a0ans de pratique, ce maquettiste passionn\u00e9 a toujours une astuce pour rendre une maquette encore plus r\u00e9aliste.\u00a0<\/span><q style=\"font-style: inherit; font-weight: inherit;\">\u00a0Plus jeune, j\u2019ai r\u00e9alis\u00e9 des maquettes d\u2019avions mais cela faisait plusieurs ann\u00e9es que je m\u2019\u00e9tais plut\u00f4t sp\u00e9cialis\u00e9 dans les maquettes de bateaux, raconte celui qui a \u00e9t\u00e9 pr\u00e9sident de l\u2019association Miniflotte 85\u00a0jusqu\u2019\u00e0 l\u2019an dernier. J\u2019ai d\u00e9cid\u00e9 d\u2019arr\u00eater et puis Patrick Avrillas, le co-pr\u00e9sident de l\u2019association Histoire, culture et patrimoine du Pays de Ri\u00e9 m\u2019a demand\u00e9 un travail.\u00a0<\/q><\/h5><h5 id=\"bloc_3quarts_1__parentOf__placeholder_apres_2_paying_desktop\" class=\"_b su-visible-lg su-visible-xl\">\u00a0<\/h5><h5 id=\"section-4-quatre-avions-biplans-et-deux-bombardiers\">Quatre avions biplans et deux bombardiers<\/h5><h5>En effet, depuis six mois, Alain Gu\u00e9zennec s\u2019attelle \u00e0 la fabrication de quatre maquettes d\u2019avions biplans de la Premi\u00e8re Guerre mondiale et deux bombardiers de la Seconde Guerre mondiale. Ses r\u00e9alisations seront pr\u00e9sent\u00e9es \u00e0 l\u2019exposition sur le camp d\u2019aviation am\u00e9ricain du Champ gaillard, qui se tiendra lors des Journ\u00e9es du patrimoine.<\/h5><h5 id=\"bloc_3quarts_1__parentOf__placeholder_apres_3_paying_desktop\" class=\"_b su-visible-lg su-visible-xl\">\u00a0<\/h5><h5>\u00c0 son entr\u00e9e dans la Premi\u00e8re Guerre mondiale en 1917, l\u2019arm\u00e9e am\u00e9ricaine a choisi d\u2019installer un vaste camp d\u2019entra\u00eenement pour les aviateurs et artilleurs, \u00e0 cheval sur Saint-Hilaire-de-Riez et Saint-Jean-de-Monts. Quatre fermes ont \u00e9t\u00e9 \u00e9vacu\u00e9es pour monter ce camp en un temps record o\u00f9 2\u00a0500\u00a0\u00e0 3\u00a0000\u00a0soldats am\u00e9ricains se sont entra\u00een\u00e9s de mars\u00a01918 au printemps 1919.<\/h5><figure id=\"attachment_3137\" aria-describedby=\"caption-attachment-3137\" style=\"width: 630px\" class=\"wp-caption aligncenter\"><a href=\"https:\/\/hcpderie.fr\/wp-content\/uploads\/2026\/03\/guezennec2.jpg\"><img decoding=\"async\" class=\"wp-image-3137 size-full\" src=\"https:\/\/hcpderie.fr\/wp-content\/uploads\/2026\/03\/guezennec2.jpg\" alt=\"\" width=\"630\" height=\"472\" srcset=\"https:\/\/hcpderie.fr\/wp-content\/uploads\/2026\/03\/guezennec2.jpg 630w, https:\/\/hcpderie.fr\/wp-content\/uploads\/2026\/03\/guezennec2-300x225.jpg 300w\" sizes=\"(max-width: 630px) 100vw, 630px\" \/><\/a><figcaption id=\"caption-attachment-3137\" class=\"wp-caption-text\"><em>Depuis le mois d\u2019avril, Alain Gu\u00e9zennec r\u00e9alise les maquettes des avions des Premi\u00e8re et Seconde guerres mondiales.<\/em><\/figcaption><\/figure><div><h5>\u00a0<\/h5><div><h5>Une tour \u00e0 m\u00e9taux, un fer \u00e0 souder, des pinceaux, des cutters, des colles pour diff\u00e9rents mat\u00e9riaux, des tubes d\u2019aluminium ou d\u2019acier\u2026 Situ\u00e9 au c\u0153ur de sa maison \u00e0 Saint-Hilaire-de-Riez (Vend\u00e9e), l\u2019atelier de fabrication de maquettes d\u2019Alain Gu\u00e9zennec est digne d\u2019un professionnel.<\/h5><div id=\"poool_pave1\">\u00a0<\/div><h5 id=\"bloc_3quarts_1__parentOf__placeholder_apres_1_paying_desktop\" class=\"_b su-visible-lg su-visible-xl\">\u00a0<\/h5><h5>En 50\u00a0ans de pratique, ce maquettiste passionn\u00e9 a toujours une astuce pour rendre une maquette encore plus r\u00e9aliste.\u00a0<q>\u00a0Plus jeune, j\u2019ai r\u00e9alis\u00e9 des maquettes d\u2019avions mais cela faisait plusieurs ann\u00e9es que je m\u2019\u00e9tais plut\u00f4t sp\u00e9cialis\u00e9 dans les maquettes de bateaux, raconte celui qui a \u00e9t\u00e9 pr\u00e9sident de l\u2019association Miniflotte 85\u00a0jusqu\u2019\u00e0 l\u2019an dernier. J\u2019ai d\u00e9cid\u00e9 d\u2019arr\u00eater et puis Patrick Avrillas, le co-pr\u00e9sident de l\u2019association Histoire, culture et patrimoine du Pays de Ri\u00e9 m\u2019a demand\u00e9 un travail.\u00a0<\/q><\/h5><h5><q style=\"font-size: 23px; font-style: inherit; font-weight: inherit; color: #070707;\">\u00a0Patrick Avrillas m\u2019a envoy\u00e9 la liste des avions qu\u2019il souhaitait voir repr\u00e9senter. Je me suis mis en recherche des maquettes \u00e0 une \u00e9chelle assez grande. Les biplans sont \u00e0 l\u2019\u00e9chelle 1\/32.\u00a0<\/q><span style=\"font-size: 23px; font-style: inherit; font-weight: inherit; color: #070707;\">\u00a0Apr\u00e8s avoir fouill\u00e9 sur internet pour trouver les mod\u00e8les, Alain Gu\u00e9zennec les a r\u00e9alis\u00e9s avec une pr\u00e9cision remarquable en ajoutant sa touche personnelle\u00a0: des haubans en plus pour le Spad, un biplan fran\u00e7ais, une peinture sur les moteurs d\u2019avion pour plus de r\u00e9alisme\u2026\u00a0<\/span><q style=\"font-size: 23px; font-style: inherit; font-weight: inherit; color: #070707;\">\u00a0J\u2019ai pass\u00e9 trois semaines sur les petits biplans, je me suis bien amus\u00e9 sur le Spad car je le connaissais en vrai. Les bombardiers m\u2019ont pris un mois et demi, il y a plus de d\u00e9tails.\u00a0<\/q><\/h5><h5 id=\"bloc_3quarts_1__parentOf__placeholder_apres_5_paying_desktop\" class=\"_b su-visible-lg su-visible-xl\">\u00a0<\/h5><h5>Les deux mod\u00e8les de bombardiers n\u2019\u00e9taient pas utilis\u00e9s au camp d\u2019aviation mais se sont \u00e9cras\u00e9s dans le marais lors de la Seconde Guerre mondiale\u00a0: \u00e0 l\u2019int\u00e9rieur du cockpit on aper\u00e7oit les harnais du poste de pilotage ou encore la bande de munitions de la mitrailleuse. \u00c0 dix jours de l\u2019exposition, le travail n\u2019\u00e9tait pas achev\u00e9. Pas de quoi effrayer ce noctambule.\u00a0<q>\u00a0J\u2019aime bien travailler en soir\u00e9e car je ne suis pas d\u00e9rang\u00e9. L\u00e0, il me reste encore quelques nuits.\u00a0<\/q><\/h5><h5>\u00a0<\/h5><h5 id=\"poool_pave1\">\u00a0<\/h5><h5 id=\"bloc_3quarts_1__parentOf__placeholder_apres_6_paying_desktop\" class=\"_b su-visible-lg su-visible-xl\">\u00a0<\/h5><h5 id=\"section-10-le-camp-daviation-sur-des-cartes-inedites\">Le camp d\u2019aviation sur des cartes in\u00e9dites<\/h5><h5>\u00a0<\/h5><figure><div class=\"su-ratio-16-9 \"><img decoding=\"async\" class=\"su-media loaded aligncenter\" title=\"Bernard de Maisonneuve a r\u00e9alis\u00e9 la carte du camp d\u2019aviation am\u00e9ricain du Champ Gaillard \u00e0 Saint-Hilaire-de-Riez.\" src=\"https:\/\/media.ouest-france.fr\/v1\/pictures\/MjAyNDA5YTEzZDBmYzU3N2M5NjFkNWI5M2JhNWNiZDUxMjYwNTA?width=630&amp;focuspoint=50%2C25&amp;cropresize=1&amp;client_id=bpeditorial&amp;sign=50ba9608e7bf5f3a4887dd2c092d1e9100c2c54a11b6a1e4bca462f8a6f39f3f\" \/><\/div><figcaption><em>Bernard de Maisonneuve a r\u00e9alis\u00e9 la carte du camp d\u2019aviation am\u00e9ricain du Champ Gaillard \u00e0 Saint-Hilaire-de-Riez.\u00a0<br \/><br \/><\/em><\/figcaption><figcaption><\/figcaption><\/figure><h5>L\u2019exposition pr\u00e9sentera aussi deux cartes, satellites et routi\u00e8res, in\u00e9dites du camp d\u2019aviation r\u00e9alis\u00e9e par Bernard de Maisonneuve. On peut y voir tous les b\u00e2timents de l\u2019\u00e9cole d\u2019armement et d\u2019artillerie, les lieux de vie des soldats,\u00a0etc.\u00a0<q>\u00a0\u00c0 partir de points s\u00fbrs, j\u2019ai pu \u00e9tablir le plan du camp d\u2019aviation am\u00e9ricain. Longtemps, on a pens\u00e9 que l\u2019avenue principale du camp et l\u2019avenue Valentin mais apr\u00e8s mes recherches, on s\u2019aper\u00e7oit que c\u2019est faux.\u00a0<\/q>\u00a0Bernard de Maisonneuve s\u2019est int\u00e9ress\u00e9 aux relev\u00e9s topographiques en se passionnant pour l\u2019arch\u00e9ologie sous-marine. Il s\u2019est mis ensuite \u00e0 la r\u00e9alisation de carte gr\u00e2ce \u00e0 Google earth et \u00e0 Photoshop. Il collabore depuis plusieurs ann\u00e9es avec l\u2019association Histoire, culture et patrimoine du Pays de Ri\u00e9.<\/h5><h5 id=\"bloc_3quarts_1__parentOf__placeholder_apres_7_paying_desktop\" class=\"_b su-visible-lg su-visible-xl\">\u00a0<\/h5><h5 id=\"bloc_3quarts_1__parentOf__placeholder_avant_dernier_paying_desktop\" class=\"_b su-visible-lg su-visible-xl\">\u00a0<\/h5><h5><strong>Samedi\u00a021 et dimanche 22\u00a0septembre,<\/strong>\u00a0de 10\u00a0h \u00e0 18\u00a0h, \u00e0 la mairie annexe des Demoiselles, 2, avenue des Azal\u00e9es, \u00e0 Saint-Hilaire-de-Riez. Exposition sur le camp d\u2019aviation am\u00e9ricain Saint-Jean \u2013 Saint-Hilaire r\u00e9alis\u00e9e par l\u2019association Histoire, culture et patrimoine du pays de Ri\u00e9.<\/h5><div>\u00a0<\/div><div><a style=\"font-size: 16px; font-style: normal; font-weight: 400; transition-property: all; color: #3a3a3a;\" href=\"https:\/\/hcpderie.fr\/wp-content\/uploads\/2026\/03\/ouest-france-logo-png.png\"><img decoding=\"async\" class=\"wp-image-3069 alignleft\" src=\"https:\/\/hcpderie.fr\/wp-content\/uploads\/2026\/03\/ouest-france-logo-png-300x300.png\" alt=\"\" width=\"81\" height=\"81\" srcset=\"https:\/\/hcpderie.fr\/wp-content\/uploads\/2026\/03\/ouest-france-logo-png-300x300.png 300w, https:\/\/hcpderie.fr\/wp-content\/uploads\/2026\/03\/ouest-france-logo-png-150x150.png 150w, https:\/\/hcpderie.fr\/wp-content\/uploads\/2026\/03\/ouest-france-logo-png.png 600w\" sizes=\"(max-width: 81px) 100vw, 81px\" \/><\/a><\/div><div>\u00a0<\/div><div class=\"auteur\"><span class=\"su-author\"><a title=\"Suivre les publications de Claire Giovaninetti\" href=\"https:\/\/www.ouest-france.fr\/redaction\/claire-giovaninetti\/\">Claire Giovaninetti<\/a>.<\/span><\/div><p><a href=\"https:\/\/hcpderie.fr\/wp-content\/uploads\/2026\/03\/ouest-france-logo-png.png\"><span class=\"dates\"><span class=\"date su-date \">Publi\u00e9 le\u00a0<time class=\"meta-time\" datetime=\"2024-09-18T17:45:02+02:00\">18\/09\/2024<\/time><\/span><\/span><\/a><\/p><\/div><\/div>\t\t\t\t\t\t\t\t<\/div>\n\t\t\t\t\t<\/div>\n\t\t\t\t<\/div>\n\t\t<div class=\"elementor-element elementor-element-622fcda e-flex e-con-boxed e-con e-parent\" data-id=\"622fcda\" data-element_type=\"container\" data-e-type=\"container\">\n\t\t\t\t\t<div class=\"e-con-inner\">\n\t\t\t\t<div class=\"elementor-element elementor-element-4a069b3 tahefobu-main-menu-align-center tahefobu-main-menu-align--tabletleft tahefobu-main-menu-align--mobileleft tahefobu-sub-icon-caret-down tahefobu-nav-menu-bp-mobile tahefobu-mobile-menu-full-width tahefobu-mobile-menu-item-align-center tahefobu-mobile-toggle-v1 tahefobu-sub-divider-yes tahefobu-mobile-divider-yes elementor-widget elementor-widget-tahefobu-navigation-menu\" data-id=\"4a069b3\" data-element_type=\"widget\" data-e-type=\"widget\" data-widget_type=\"tahefobu-navigation-menu.default\">\n\t\t\t\t<div class=\"elementor-widget-container\">\n\t\t\t\t\t<nav class=\"tahefobu-nav-menu-container tahefobu-nav-menu-horizontal\" data-trigger=\"hover\"><ul id=\"menu-1-4a069b3\" class=\"tahefobu-nav-menu\"><li class=\"menu-item menu-item-type-post_type menu-item-object-page menu-item-home menu-item-988\"><a href=\"https:\/\/hcpderie.fr\/\" class=\"tahefobu-menu-item tahefobu-pointer-item menu-link\">Accueil<\/a><\/li>\n<\/ul><\/nav><nav class=\"tahefobu-mobile-nav-menu-container\"><div class=\"tahefobu-mobile-toggle-wrap\"><div class=\"tahefobu-mobile-toggle\"><span class=\"tahefobu-mobile-toggle-line\"><\/span><span class=\"tahefobu-mobile-toggle-line\"><\/span><span class=\"tahefobu-mobile-toggle-line\"><\/span><\/div><\/div><ul id=\"mobile-menu-2-4a069b3\" class=\"tahefobu-mobile-nav-menu\"><li class=\"menu-item menu-item-type-post_type menu-item-object-page menu-item-home menu-item-988\"><a href=\"https:\/\/hcpderie.fr\/\" class=\"tahefobu-mobile-menu-item menu-link\">Accueil<\/a><\/li>\n<\/ul><\/nav>\t\t\t\t<\/div>\n\t\t\t\t<\/div>\n\t\t\t\t\t<\/div>\n\t\t\t\t<\/div>\n\t\t\t\t<\/div>\n\t\t","protected":false},"excerpt":{"rendered":"<p>Ses maquettes pr\u00e9sent\u00e9es \u00e0 l\u2019exposition sur le camp d\u2019aviation am\u00e9ricain de Saint-Hilaire-de-Riez Une exposition sur le camp d\u2019aviation am\u00e9ricain de [&hellip;]<\/p>\n","protected":false},"author":1,"featured_media":3138,"comment_status":"closed","ping_status":"closed","sticky":false,"template":"","format":"standard","meta":{"_angie_page":false,"site-sidebar-layout":"default","site-content-layout":"","ast-site-content-layout":"default","site-content-style":"default","site-sidebar-style":"default","ast-global-header-display":"","ast-banner-title-visibility":"","ast-main-header-display":"","ast-hfb-above-header-display":"","ast-hfb-below-header-display":"","ast-hfb-mobile-header-display":"","site-post-title":"disabled","ast-breadcrumbs-content":"","ast-featured-img":"","footer-sml-layout":"","ast-disable-related-posts":"","theme-transparent-header-meta":"","adv-header-id-meta":"","stick-header-meta":"","header-above-stick-meta":"","header-main-stick-meta":"","header-below-stick-meta":"","astra-migrate-meta-layouts":"default","ast-page-background-enabled":"default","ast-page-background-meta":{"desktop":{"background-color":"var(--ast-global-color-5)","background-image":"","background-repeat":"repeat","background-position":"center center","background-size":"auto","background-attachment":"scroll","background-type":"","background-media":"","overlay-type":"","overlay-color":"","overlay-opacity":"","overlay-gradient":""},"tablet":{"background-color":"","background-image":"","background-repeat":"repeat","background-position":"center center","background-size":"auto","background-attachment":"scroll","background-type":"","background-media":"","overlay-type":"","overlay-color":"","overlay-opacity":"","overlay-gradient":""},"mobile":{"background-color":"","background-image":"","background-repeat":"repeat","background-position":"center center","background-size":"auto","background-attachment":"scroll","background-type":"","background-media":"","overlay-type":"","overlay-color":"","overlay-opacity":"","overlay-gradient":""}},"ast-content-background-meta":{"desktop":{"background-color":"var(--ast-global-color-4)","background-image":"","background-repeat":"repeat","background-position":"center center","background-size":"auto","background-attachment":"scroll","background-type":"","background-media":"","overlay-type":"","overlay-color":"","overlay-opacity":"","overlay-gradient":""},"tablet":{"background-color":"var(--ast-global-color-4)","background-image":"","background-repeat":"repeat","background-position":"center center","background-size":"auto","background-attachment":"scroll","background-type":"","background-media":"","overlay-type":"","overlay-color":"","overlay-opacity":"","overlay-gradient":""},"mobile":{"background-color":"var(--ast-global-color-4)","background-image":"","background-repeat":"repeat","background-position":"center center","background-size":"auto","background-attachment":"scroll","background-type":"","background-media":"","overlay-type":"","overlay-color":"","overlay-opacity":"","overlay-gradient":""}},"page_builder":"","_jetpack_memberships_contains_paid_content":false,"footnotes":""},"categories":[11],"tags":[],"class_list":["post-3135","post","type-post","status-publish","format-standard","has-post-thumbnail","hentry","category-exposition"],"aioseo_notices":[],"jetpack_featured_media_url":"https:\/\/hcpderie.fr\/wp-content\/uploads\/2026\/03\/maquette-guezennec.jpg","jetpack_sharing_enabled":true,"jetpack_likes_enabled":true,"rttpg_featured_image_url":{"full":["https:\/\/hcpderie.fr\/wp-content\/uploads\/2026\/03\/maquette-guezennec.jpg",630,354,false],"landscape":["https:\/\/hcpderie.fr\/wp-content\/uploads\/2026\/03\/maquette-guezennec.jpg",630,354,false],"portraits":["https:\/\/hcpderie.fr\/wp-content\/uploads\/2026\/03\/maquette-guezennec.jpg",630,354,false],"thumbnail":["https:\/\/hcpderie.fr\/wp-content\/uploads\/2026\/03\/maquette-guezennec-150x150.jpg",150,150,true],"medium":["https:\/\/hcpderie.fr\/wp-content\/uploads\/2026\/03\/maquette-guezennec-300x169.jpg",300,169,true],"large":["https:\/\/hcpderie.fr\/wp-content\/uploads\/2026\/03\/maquette-guezennec.jpg",630,354,false],"1536x1536":["https:\/\/hcpderie.fr\/wp-content\/uploads\/2026\/03\/maquette-guezennec.jpg",630,354,false],"2048x2048":["https:\/\/hcpderie.fr\/wp-content\/uploads\/2026\/03\/maquette-guezennec.jpg",630,354,false]},"rttpg_author":{"display_name":"ADMIN17","author_link":"https:\/\/hcpderie.fr\/?author=1"},"rttpg_comment":0,"rttpg_category":"<a href=\"https:\/\/hcpderie.fr\/?cat=11\" rel=\"category\">exposition<\/a>","rttpg_excerpt":"Ses maquettes pr\u00e9sent\u00e9es \u00e0 l\u2019exposition sur le camp d\u2019aviation am\u00e9ricain de Saint-Hilaire-de-Riez Une exposition sur le camp d\u2019aviation am\u00e9ricain de [&hellip;]","_links":{"self":[{"href":"https:\/\/hcpderie.fr\/index.php?rest_route=\/wp\/v2\/posts\/3135","targetHints":{"allow":["GET"]}}],"collection":[{"href":"https:\/\/hcpderie.fr\/index.php?rest_route=\/wp\/v2\/posts"}],"about":[{"href":"https:\/\/hcpderie.fr\/index.php?rest_route=\/wp\/v2\/types\/post"}],"author":[{"embeddable":true,"href":"https:\/\/hcpderie.fr\/index.php?rest_route=\/wp\/v2\/users\/1"}],"replies":[{"embeddable":true,"href":"https:\/\/hcpderie.fr\/index.php?rest_route=%2Fwp%2Fv2%2Fcomments&post=3135"}],"version-history":[{"count":25,"href":"https:\/\/hcpderie.fr\/index.php?rest_route=\/wp\/v2\/posts\/3135\/revisions"}],"predecessor-version":[{"id":3164,"href":"https:\/\/hcpderie.fr\/index.php?rest_route=\/wp\/v2\/posts\/3135\/revisions\/3164"}],"wp:featuredmedia":[{"embeddable":true,"href":"https:\/\/hcpderie.fr\/index.php?rest_route=\/wp\/v2\/media\/3138"}],"wp:attachment":[{"href":"https:\/\/hcpderie.fr\/index.php?rest_route=%2Fwp%2Fv2%2Fmedia&parent=3135"}],"wp:term":[{"taxonomy":"category","embeddable":true,"href":"https:\/\/hcpderie.fr\/index.php?rest_route=%2Fwp%2Fv2%2Fcategories&post=3135"},{"taxonomy":"post_tag","embeddable":true,"href":"https:\/\/hcpderie.fr\/index.php?rest_route=%2Fwp%2Fv2%2Ftags&post=3135"}],"curies":[{"name":"wp","href":"https:\/\/api.w.org\/{rel}","templated":true}]}}