{"id":3096,"date":"2016-06-07T08:42:00","date_gmt":"2016-06-07T06:42:00","guid":{"rendered":"https:\/\/hcpderie.fr\/?p=3096"},"modified":"2026-03-28T13:32:23","modified_gmt":"2026-03-28T12:32:23","slug":"le-souvenir-vendeen-sest-rassemble-aux-mathes","status":"publish","type":"post","link":"https:\/\/hcpderie.fr\/?p=3096","title":{"rendered":"Le Souvenir vend\u00e9en s&rsquo;est rassembl\u00e9 aux Mathes"},"content":{"rendered":"\t\t<div data-elementor-type=\"wp-post\" data-elementor-id=\"3096\" class=\"elementor elementor-3096\">\n\t\t\t\t<div class=\"elementor-element elementor-element-814bfc4 e-flex e-con-boxed e-con e-parent\" data-id=\"814bfc4\" data-element_type=\"container\" data-e-type=\"container\">\n\t\t\t\t\t<div class=\"e-con-inner\">\n\t\t\t\t<div class=\"elementor-element elementor-element-fa3c90a elementor-widget elementor-widget-heading\" data-id=\"fa3c90a\" data-element_type=\"widget\" data-e-type=\"widget\" data-widget_type=\"heading.default\">\n\t\t\t\t\t<h2 class=\"elementor-heading-title elementor-size-default\">Le Souvenir vend\u00e9en s'est rassembl\u00e9 aux Mathes<\/h2>\t\t\t\t<\/div>\n\t\t\t\t\t<\/div>\n\t\t\t\t<\/div>\n\t\t<div class=\"elementor-element elementor-element-3c3523e e-flex e-con-boxed e-con e-parent\" data-id=\"3c3523e\" data-element_type=\"container\" data-e-type=\"container\">\n\t\t\t\t\t<div class=\"e-con-inner\">\n\t\t\t\t<div class=\"elementor-element elementor-element-3e8e330 elementor-widget elementor-widget-text-editor\" data-id=\"3e8e330\" data-element_type=\"widget\" data-e-type=\"widget\" data-widget_type=\"text-editor.default\">\n\t\t\t\t\t\t\t\t\t<figure id=\"attachment_3097\" aria-describedby=\"caption-attachment-3097\" style=\"width: 630px\" class=\"wp-caption aligncenter\"><a href=\"https:\/\/hcpderie.fr\/wp-content\/uploads\/2026\/03\/souvenir-aux-mathes.jpg\"><img fetchpriority=\"high\" decoding=\"async\" class=\"wp-image-3097 size-full\" src=\"https:\/\/hcpderie.fr\/wp-content\/uploads\/2026\/03\/souvenir-aux-mathes.jpg\" alt=\"\" width=\"630\" height=\"354\" srcset=\"https:\/\/hcpderie.fr\/wp-content\/uploads\/2026\/03\/souvenir-aux-mathes.jpg 630w, https:\/\/hcpderie.fr\/wp-content\/uploads\/2026\/03\/souvenir-aux-mathes-300x169.jpg 300w\" sizes=\"(max-width: 630px) 100vw, 630px\" \/><\/a><figcaption id=\"caption-attachment-3097\" class=\"wp-caption-text\"><em>Des repr\u00e9sentants de l&rsquo;association du Souvenir vend\u00e9en, avec des \u00e9lus. Dans le cadre, l&rsquo;\u00e9charpe que portait Louis de la Rochejaquelein, lorsqu&rsquo;il fut tu\u00e9.<\/em><\/figcaption><\/figure><h5>L&rsquo;association du Souvenir vend\u00e9en propose l&rsquo;\u00e9tude et le maintien de l&rsquo;ensemble traditionnel, culturel, historique et religieux propre aux territoires r\u00e9unis sous l&rsquo;appellation de Vend\u00e9e militaire. Elle a organis\u00e9 sa journ\u00e9e de printemps, samedi, journ\u00e9e jalonn\u00e9e par Aizenay, o\u00f9 une messe a \u00e9t\u00e9 c\u00e9l\u00e9br\u00e9e, Le Perrier, pour le d\u00e9p\u00f4t d&rsquo;une gerbe au monument du souvenir, Saint-Jean-de-Monts, o\u00f9 une plaque a \u00e9t\u00e9 d\u00e9voil\u00e9e, pr\u00e8s de la tombe de Fran\u00e7ois Crochet, pour terminer sur les plages du D\u00e9barquement, lors des guerres de Vend\u00e9e.<\/h5><h5 id=\"bloc_3quarts_1__parentOf__placeholder_apres_1_desktop\" class=\"_b su-visible-lg su-visible-xl\">\u00a0<\/h5><h5>Une longue pause a eu lieu \u00e0 Saint-Hilaire-de-Riez, en fin de matin\u00e9e. C&rsquo;est sur le site des Mathes, o\u00f9 a \u00e9t\u00e9 tu\u00e9 Louis de la Rochejaquelein, que s&rsquo;est d\u00e9roul\u00e9e la c\u00e9r\u00e9monie, lors de laquelle a \u00e9t\u00e9 d\u00e9voil\u00e9e la nouvelle plaque du parcours de m\u00e9moire. Patrick Avrillas, membre de l&rsquo;association Histoire culture et patrimoine du Pays de Ri\u00e9, et auteur du livre\u00a0<i>Louis XIII et la bataille de l&rsquo;Ile de Ri\u00e9<\/i>, a bross\u00e9 un vaste tableau historique depuis les guerres de religion aux guerres de Vend\u00e9e, pour aboutir \u00e0 la mort de Louis de la Rochejaquelein, le 4 juin 1815.<\/h5><div id=\"poool_pave1\">\u00a0<\/div><h5>Michel Chatry et Yves Versallis, pr\u00e9sident et membre du Souvenir vend\u00e9en, ont d\u00e9taill\u00e9 le r\u00f4le de m\u00e9moire de l&rsquo;association et les circonstances des guerres de Vend\u00e9e jusqu&rsquo;\u00e0 cet aboutissement.<\/h5><h5><a href=\"https:\/\/hcpderie.fr\/wp-content\/uploads\/2026\/03\/ouest-france-logo-png.png\"><img decoding=\"async\" class=\"wp-image-3069 alignnone\" src=\"https:\/\/hcpderie.fr\/wp-content\/uploads\/2026\/03\/ouest-france-logo-png-300x300.png\" alt=\"\" width=\"92\" height=\"92\" srcset=\"https:\/\/hcpderie.fr\/wp-content\/uploads\/2026\/03\/ouest-france-logo-png-300x300.png 300w, https:\/\/hcpderie.fr\/wp-content\/uploads\/2026\/03\/ouest-france-logo-png-150x150.png 150w, https:\/\/hcpderie.fr\/wp-content\/uploads\/2026\/03\/ouest-france-logo-png.png 600w\" sizes=\"(max-width: 92px) 100vw, 92px\" \/><\/a>Publi\u00e9 le\u00a0<time class=\"meta-time\" datetime=\"2016-06-07T00:00:00+02:00\">07\/06\/2016<\/time><\/h5>\t\t\t\t\t\t\t\t<\/div>\n\t\t\t\t\t<\/div>\n\t\t\t\t<\/div>\n\t\t<div class=\"elementor-element elementor-element-cdb0af2 e-flex e-con-boxed e-con e-parent\" data-id=\"cdb0af2\" data-element_type=\"container\" data-e-type=\"container\">\n\t\t\t\t\t<div class=\"e-con-inner\">\n\t\t\t\t<div class=\"elementor-element elementor-element-c23d844 tahefobu-main-menu-align-center tahefobu-main-menu-align--tabletleft tahefobu-main-menu-align--mobileleft tahefobu-sub-icon-caret-down tahefobu-nav-menu-bp-mobile tahefobu-mobile-menu-full-width tahefobu-mobile-menu-item-align-center tahefobu-mobile-toggle-v1 tahefobu-sub-divider-yes tahefobu-mobile-divider-yes elementor-widget elementor-widget-tahefobu-navigation-menu\" data-id=\"c23d844\" data-element_type=\"widget\" data-e-type=\"widget\" data-widget_type=\"tahefobu-navigation-menu.default\">\n\t\t\t\t<div class=\"elementor-widget-container\">\n\t\t\t\t\t<nav class=\"tahefobu-nav-menu-container tahefobu-nav-menu-horizontal\" data-trigger=\"hover\"><ul id=\"menu-1-c23d844\" class=\"tahefobu-nav-menu\"><li class=\"menu-item menu-item-type-post_type menu-item-object-page menu-item-home menu-item-988\"><a href=\"https:\/\/hcpderie.fr\/\" class=\"tahefobu-menu-item tahefobu-pointer-item menu-link\">Accueil<\/a><\/li>\n<\/ul><\/nav><nav class=\"tahefobu-mobile-nav-menu-container\"><div class=\"tahefobu-mobile-toggle-wrap\"><div class=\"tahefobu-mobile-toggle\"><span class=\"tahefobu-mobile-toggle-line\"><\/span><span class=\"tahefobu-mobile-toggle-line\"><\/span><span class=\"tahefobu-mobile-toggle-line\"><\/span><\/div><\/div><ul id=\"mobile-menu-2-c23d844\" class=\"tahefobu-mobile-nav-menu\"><li class=\"menu-item menu-item-type-post_type menu-item-object-page menu-item-home menu-item-988\"><a href=\"https:\/\/hcpderie.fr\/\" class=\"tahefobu-mobile-menu-item menu-link\">Accueil<\/a><\/li>\n<\/ul><\/nav>\t\t\t\t<\/div>\n\t\t\t\t<\/div>\n\t\t\t\t\t<\/div>\n\t\t\t\t<\/div>\n\t\t\t\t<\/div>\n\t\t","protected":false},"excerpt":{"rendered":"<p>Le Souvenir vend\u00e9en s&rsquo;est rassembl\u00e9 aux Mathes L&rsquo;association du Souvenir vend\u00e9en propose l&rsquo;\u00e9tude et le maintien de l&rsquo;ensemble traditionnel, culturel, [&hellip;]<\/p>\n","protected":false},"author":1,"featured_media":3097,"comment_status":"open","ping_status":"closed","sticky":false,"template":"","format":"standard","meta":{"_angie_page":false,"site-sidebar-layout":"default","site-content-layout":"","ast-site-content-layout":"default","site-content-style":"default","site-sidebar-style":"default","ast-global-header-display":"","ast-banner-title-visibility":"","ast-main-header-display":"","ast-hfb-above-header-display":"","ast-hfb-below-header-display":"","ast-hfb-mobile-header-display":"","site-post-title":"disabled","ast-breadcrumbs-content":"","ast-featured-img":"","footer-sml-layout":"","ast-disable-related-posts":"","theme-transparent-header-meta":"","adv-header-id-meta":"","stick-header-meta":"","header-above-stick-meta":"","header-main-stick-meta":"","header-below-stick-meta":"","astra-migrate-meta-layouts":"default","ast-page-background-enabled":"default","ast-page-background-meta":{"desktop":{"background-color":"var(--ast-global-color-5)","background-image":"","background-repeat":"repeat","background-position":"center center","background-size":"auto","background-attachment":"scroll","background-type":"","background-media":"","overlay-type":"","overlay-color":"","overlay-opacity":"","overlay-gradient":""},"tablet":{"background-color":"","background-image":"","background-repeat":"repeat","background-position":"center center","background-size":"auto","background-attachment":"scroll","background-type":"","background-media":"","overlay-type":"","overlay-color":"","overlay-opacity":"","overlay-gradient":""},"mobile":{"background-color":"","background-image":"","background-repeat":"repeat","background-position":"center center","background-size":"auto","background-attachment":"scroll","background-type":"","background-media":"","overlay-type":"","overlay-color":"","overlay-opacity":"","overlay-gradient":""}},"ast-content-background-meta":{"desktop":{"background-color":"var(--ast-global-color-4)","background-image":"","background-repeat":"repeat","background-position":"center center","background-size":"auto","background-attachment":"scroll","background-type":"","background-media":"","overlay-type":"","overlay-color":"","overlay-opacity":"","overlay-gradient":""},"tablet":{"background-color":"var(--ast-global-color-4)","background-image":"","background-repeat":"repeat","background-position":"center center","background-size":"auto","background-attachment":"scroll","background-type":"","background-media":"","overlay-type":"","overlay-color":"","overlay-opacity":"","overlay-gradient":""},"mobile":{"background-color":"var(--ast-global-color-4)","background-image":"","background-repeat":"repeat","background-position":"center center","background-size":"auto","background-attachment":"scroll","background-type":"","background-media":"","overlay-type":"","overlay-color":"","overlay-opacity":"","overlay-gradient":""}},"page_builder":"","_jetpack_memberships_contains_paid_content":false,"footnotes":""},"categories":[10],"tags":[],"class_list":["post-3096","post","type-post","status-publish","format-standard","has-post-thumbnail","hentry","category-presse"],"aioseo_notices":[],"jetpack_featured_media_url":"https:\/\/hcpderie.fr\/wp-content\/uploads\/2026\/03\/souvenir-aux-mathes.jpg","jetpack_sharing_enabled":true,"jetpack_likes_enabled":true,"rttpg_featured_image_url":{"full":["https:\/\/hcpderie.fr\/wp-content\/uploads\/2026\/03\/souvenir-aux-mathes.jpg",630,354,false],"landscape":["https:\/\/hcpderie.fr\/wp-content\/uploads\/2026\/03\/souvenir-aux-mathes.jpg",630,354,false],"portraits":["https:\/\/hcpderie.fr\/wp-content\/uploads\/2026\/03\/souvenir-aux-mathes.jpg",630,354,false],"thumbnail":["https:\/\/hcpderie.fr\/wp-content\/uploads\/2026\/03\/souvenir-aux-mathes-150x150.jpg",150,150,true],"medium":["https:\/\/hcpderie.fr\/wp-content\/uploads\/2026\/03\/souvenir-aux-mathes-300x169.jpg",300,169,true],"large":["https:\/\/hcpderie.fr\/wp-content\/uploads\/2026\/03\/souvenir-aux-mathes.jpg",630,354,false],"1536x1536":["https:\/\/hcpderie.fr\/wp-content\/uploads\/2026\/03\/souvenir-aux-mathes.jpg",630,354,false],"2048x2048":["https:\/\/hcpderie.fr\/wp-content\/uploads\/2026\/03\/souvenir-aux-mathes.jpg",630,354,false]},"rttpg_author":{"display_name":"ADMIN17","author_link":"https:\/\/hcpderie.fr\/?author=1"},"rttpg_comment":0,"rttpg_category":"<a href=\"https:\/\/hcpderie.fr\/?cat=10\" rel=\"category\">presse<\/a>","rttpg_excerpt":"Le Souvenir vend\u00e9en s&rsquo;est rassembl\u00e9 aux Mathes L&rsquo;association du Souvenir vend\u00e9en propose l&rsquo;\u00e9tude et le maintien de l&rsquo;ensemble traditionnel, culturel, [&hellip;]","_links":{"self":[{"href":"https:\/\/hcpderie.fr\/index.php?rest_route=\/wp\/v2\/posts\/3096","targetHints":{"allow":["GET"]}}],"collection":[{"href":"https:\/\/hcpderie.fr\/index.php?rest_route=\/wp\/v2\/posts"}],"about":[{"href":"https:\/\/hcpderie.fr\/index.php?rest_route=\/wp\/v2\/types\/post"}],"author":[{"embeddable":true,"href":"https:\/\/hcpderie.fr\/index.php?rest_route=\/wp\/v2\/users\/1"}],"replies":[{"embeddable":true,"href":"https:\/\/hcpderie.fr\/index.php?rest_route=%2Fwp%2Fv2%2Fcomments&post=3096"}],"version-history":[{"count":13,"href":"https:\/\/hcpderie.fr\/index.php?rest_route=\/wp\/v2\/posts\/3096\/revisions"}],"predecessor-version":[{"id":3110,"href":"https:\/\/hcpderie.fr\/index.php?rest_route=\/wp\/v2\/posts\/3096\/revisions\/3110"}],"wp:featuredmedia":[{"embeddable":true,"href":"https:\/\/hcpderie.fr\/index.php?rest_route=\/wp\/v2\/media\/3097"}],"wp:attachment":[{"href":"https:\/\/hcpderie.fr\/index.php?rest_route=%2Fwp%2Fv2%2Fmedia&parent=3096"}],"wp:term":[{"taxonomy":"category","embeddable":true,"href":"https:\/\/hcpderie.fr\/index.php?rest_route=%2Fwp%2Fv2%2Fcategories&post=3096"},{"taxonomy":"post_tag","embeddable":true,"href":"https:\/\/hcpderie.fr\/index.php?rest_route=%2Fwp%2Fv2%2Ftags&post=3096"}],"curies":[{"name":"wp","href":"https:\/\/api.w.org\/{rel}","templated":true}]}}