{"id":3045,"date":"2018-01-29T07:43:00","date_gmt":"2018-01-29T06:43:00","guid":{"rendered":"https:\/\/hcpderie.fr\/?p=3045"},"modified":"2026-03-28T07:50:55","modified_gmt":"2026-03-28T06:50:55","slug":"jacques-baud-tourne-une-page-de-lhistoire","status":"publish","type":"post","link":"https:\/\/hcpderie.fr\/?p=3045","title":{"rendered":"Jacques Baud tourne une page de l&rsquo;Histoire"},"content":{"rendered":"\t\t<div data-elementor-type=\"wp-post\" data-elementor-id=\"3045\" class=\"elementor elementor-3045\">\n\t\t\t\t<div class=\"elementor-element elementor-element-e516d83 e-flex e-con-boxed e-con e-parent\" data-id=\"e516d83\" data-element_type=\"container\" data-e-type=\"container\">\n\t\t\t\t\t<div class=\"e-con-inner\">\n\t\t\t\t<div class=\"elementor-element elementor-element-0481f2c elementor-widget elementor-widget-heading\" data-id=\"0481f2c\" data-element_type=\"widget\" data-e-type=\"widget\" data-widget_type=\"heading.default\">\n\t\t\t\t\t<h2 class=\"elementor-heading-title elementor-size-default\">Jacques Baud tourne une page de l'Histoire<\/h2>\t\t\t\t<\/div>\n\t\t\t\t\t<\/div>\n\t\t\t\t<\/div>\n\t\t<div class=\"elementor-element elementor-element-5d25f92 e-flex e-con-boxed e-con e-parent\" data-id=\"5d25f92\" data-element_type=\"container\" data-e-type=\"container\">\n\t\t\t\t\t<div class=\"e-con-inner\">\n\t\t\t\t<div class=\"elementor-element elementor-element-2da585f elementor-widget elementor-widget-text-editor\" data-id=\"2da585f\" data-element_type=\"widget\" data-e-type=\"widget\" data-widget_type=\"text-editor.default\">\n\t\t\t\t\t\t\t\t\t<h5>\u00a0<\/h5><h5>L&rsquo;assembl\u00e9e g\u00e9n\u00e9rale d&rsquo;Histoire culture et patrimoine du pays de Ri\u00e9 s&rsquo;est tenue, mardi. Ce jour-l\u00e0, le pr\u00e9sident-fondateur Jacques Baud, a annonc\u00e9 qu&rsquo;il ne renouvelait pas son mandat au sein de l&rsquo;association.\u00a0<b>\u00ab J&rsquo;ai 80 ans, et depuis cinquante ans j&rsquo;ai beaucoup donn\u00e9 de ma vie, de mon temps pour les autres, dont vingt-cinq ans \u00e0 la municipalit\u00e9 de Saint-Hilaire, et enfin, ces trois ans dans notre association. L&rsquo;heure est venue de penser un peu plus aux miens et \u00e0 moi-m\u00eame. \u00bb<\/b><\/h5><h5 id=\"bloc_3quarts_1__parentOf__placeholder_apres_1_desktop\" class=\"_b su-visible-lg su-visible-xl\"><img fetchpriority=\"high\" decoding=\"async\" class=\"size-medium wp-image-3046 alignleft\" src=\"https:\/\/hcpderie.fr\/wp-content\/uploads\/2026\/03\/jacques-baud-269x300.jpg\" alt=\"\" width=\"269\" height=\"300\" srcset=\"https:\/\/hcpderie.fr\/wp-content\/uploads\/2026\/03\/jacques-baud-269x300.jpg 269w, https:\/\/hcpderie.fr\/wp-content\/uploads\/2026\/03\/jacques-baud.jpg 630w\" sizes=\"(max-width: 269px) 100vw, 269px\" \/>L&rsquo;association pourrait adopter le principe d&rsquo;une pr\u00e9sidence coll\u00e9giale, dont Patrick Avrillas et G\u00e9rard Chusseau sont pressentis<b>.\u00a0<\/b>Le prochain conseil d&rsquo;administration en d\u00e9cidera.Jacques Baud demeure toutefois l&rsquo;un des quelque 45 membres de l&rsquo;association qui poursuit ses activit\u00e9s diverses : des conf\u00e9rences avec des personnalit\u00e9s invit\u00e9es sur chaque th\u00e8me, les ateliers de g\u00e9n\u00e9alogie, de toponymie et du parler mara\u00eechin. Une animation phare de 2017 fut l&rsquo;exposition du camp am\u00e9ricain de Champ-Gaillard, en 1918, qui s&rsquo;est ensuite d\u00e9plac\u00e9e \u00e0 la m\u00e9diath\u00e8que. Cette animation aura un prolongement par la publication \u00e0 venir de la brochure\u00a0<i>Le camp d&rsquo;aviation am\u00e9ricain en pays de Riez et de Monts<\/i>.<\/h5><h5 class=\"source-container\"><em><span class=\"su-source source-lien su-cockade-of\"><a href=\"https:\/\/www.ouest-france.fr\/\" target=\"_self\">Ouest-France \u00a0<\/a><\/span><span class=\"dates\"><span class=\"date su-date \">Publi\u00e9 le\u00a0<time class=\"meta-time\" datetime=\"2018-01-29T00:53:28+01:00\">29\/01\/2018<\/time><\/span><\/span><\/em><\/h5>\t\t\t\t\t\t\t\t<\/div>\n\t\t\t\t\t<\/div>\n\t\t\t\t<\/div>\n\t\t<div class=\"elementor-element elementor-element-a9d1941 e-flex e-con-boxed e-con e-parent\" data-id=\"a9d1941\" data-element_type=\"container\" data-e-type=\"container\">\n\t\t\t\t\t<div class=\"e-con-inner\">\n\t\t\t\t<div class=\"elementor-element elementor-element-80e19f4 tahefobu-main-menu-align-center tahefobu-main-menu-align--tabletleft tahefobu-main-menu-align--mobileleft tahefobu-sub-icon-caret-down tahefobu-nav-menu-bp-mobile tahefobu-mobile-menu-full-width tahefobu-mobile-menu-item-align-center tahefobu-mobile-toggle-v1 tahefobu-sub-divider-yes tahefobu-mobile-divider-yes elementor-widget elementor-widget-tahefobu-navigation-menu\" data-id=\"80e19f4\" data-element_type=\"widget\" data-e-type=\"widget\" data-widget_type=\"tahefobu-navigation-menu.default\">\n\t\t\t\t<div class=\"elementor-widget-container\">\n\t\t\t\t\t<nav class=\"tahefobu-nav-menu-container tahefobu-nav-menu-horizontal\" data-trigger=\"hover\"><ul id=\"menu-1-80e19f4\" class=\"tahefobu-nav-menu\"><li class=\"menu-item menu-item-type-post_type menu-item-object-page menu-item-home menu-item-988\"><a href=\"https:\/\/hcpderie.fr\/\" class=\"tahefobu-menu-item tahefobu-pointer-item menu-link\">Accueil<\/a><\/li>\n<\/ul><\/nav><nav class=\"tahefobu-mobile-nav-menu-container\"><div class=\"tahefobu-mobile-toggle-wrap\"><div class=\"tahefobu-mobile-toggle\"><span class=\"tahefobu-mobile-toggle-line\"><\/span><span class=\"tahefobu-mobile-toggle-line\"><\/span><span class=\"tahefobu-mobile-toggle-line\"><\/span><\/div><\/div><ul id=\"mobile-menu-2-80e19f4\" class=\"tahefobu-mobile-nav-menu\"><li class=\"menu-item menu-item-type-post_type menu-item-object-page menu-item-home menu-item-988\"><a href=\"https:\/\/hcpderie.fr\/\" class=\"tahefobu-mobile-menu-item menu-link\">Accueil<\/a><\/li>\n<\/ul><\/nav>\t\t\t\t<\/div>\n\t\t\t\t<\/div>\n\t\t\t\t\t<\/div>\n\t\t\t\t<\/div>\n\t\t\t\t<\/div>\n\t\t","protected":false},"excerpt":{"rendered":"<p>Jacques Baud tourne une page de l&rsquo;Histoire \u00a0 L&rsquo;assembl\u00e9e g\u00e9n\u00e9rale d&rsquo;Histoire culture et patrimoine du pays de Ri\u00e9 s&rsquo;est tenue, [&hellip;]<\/p>\n","protected":false},"author":1,"featured_media":3046,"comment_status":"closed","ping_status":"closed","sticky":false,"template":"","format":"standard","meta":{"_angie_page":false,"site-sidebar-layout":"default","site-content-layout":"","ast-site-content-layout":"default","site-content-style":"default","site-sidebar-style":"default","ast-global-header-display":"","ast-banner-title-visibility":"","ast-main-header-display":"","ast-hfb-above-header-display":"","ast-hfb-below-header-display":"","ast-hfb-mobile-header-display":"","site-post-title":"","ast-breadcrumbs-content":"","ast-featured-img":"","footer-sml-layout":"","ast-disable-related-posts":"","theme-transparent-header-meta":"","adv-header-id-meta":"","stick-header-meta":"","header-above-stick-meta":"","header-main-stick-meta":"","header-below-stick-meta":"","astra-migrate-meta-layouts":"default","ast-page-background-enabled":"default","ast-page-background-meta":{"desktop":{"background-color":"var(--ast-global-color-5)","background-image":"","background-repeat":"repeat","background-position":"center center","background-size":"auto","background-attachment":"scroll","background-type":"","background-media":"","overlay-type":"","overlay-color":"","overlay-opacity":"","overlay-gradient":""},"tablet":{"background-color":"","background-image":"","background-repeat":"repeat","background-position":"center center","background-size":"auto","background-attachment":"scroll","background-type":"","background-media":"","overlay-type":"","overlay-color":"","overlay-opacity":"","overlay-gradient":""},"mobile":{"background-color":"","background-image":"","background-repeat":"repeat","background-position":"center center","background-size":"auto","background-attachment":"scroll","background-type":"","background-media":"","overlay-type":"","overlay-color":"","overlay-opacity":"","overlay-gradient":""}},"ast-content-background-meta":{"desktop":{"background-color":"var(--ast-global-color-4)","background-image":"","background-repeat":"repeat","background-position":"center center","background-size":"auto","background-attachment":"scroll","background-type":"","background-media":"","overlay-type":"","overlay-color":"","overlay-opacity":"","overlay-gradient":""},"tablet":{"background-color":"var(--ast-global-color-4)","background-image":"","background-repeat":"repeat","background-position":"center center","background-size":"auto","background-attachment":"scroll","background-type":"","background-media":"","overlay-type":"","overlay-color":"","overlay-opacity":"","overlay-gradient":""},"mobile":{"background-color":"var(--ast-global-color-4)","background-image":"","background-repeat":"repeat","background-position":"center center","background-size":"auto","background-attachment":"scroll","background-type":"","background-media":"","overlay-type":"","overlay-color":"","overlay-opacity":"","overlay-gradient":""}},"page_builder":"","_jetpack_memberships_contains_paid_content":false,"footnotes":""},"categories":[10],"tags":[],"class_list":["post-3045","post","type-post","status-publish","format-standard","has-post-thumbnail","hentry","category-presse"],"aioseo_notices":[],"jetpack_featured_media_url":"https:\/\/hcpderie.fr\/wp-content\/uploads\/2026\/03\/jacques-baud.jpg","jetpack_sharing_enabled":true,"jetpack_likes_enabled":true,"rttpg_featured_image_url":{"full":["https:\/\/hcpderie.fr\/wp-content\/uploads\/2026\/03\/jacques-baud.jpg",630,702,false],"landscape":["https:\/\/hcpderie.fr\/wp-content\/uploads\/2026\/03\/jacques-baud.jpg",630,702,false],"portraits":["https:\/\/hcpderie.fr\/wp-content\/uploads\/2026\/03\/jacques-baud.jpg",630,702,false],"thumbnail":["https:\/\/hcpderie.fr\/wp-content\/uploads\/2026\/03\/jacques-baud-150x150.jpg",150,150,true],"medium":["https:\/\/hcpderie.fr\/wp-content\/uploads\/2026\/03\/jacques-baud-269x300.jpg",269,300,true],"large":["https:\/\/hcpderie.fr\/wp-content\/uploads\/2026\/03\/jacques-baud.jpg",630,702,false],"1536x1536":["https:\/\/hcpderie.fr\/wp-content\/uploads\/2026\/03\/jacques-baud.jpg",630,702,false],"2048x2048":["https:\/\/hcpderie.fr\/wp-content\/uploads\/2026\/03\/jacques-baud.jpg",630,702,false]},"rttpg_author":{"display_name":"ADMIN17","author_link":"https:\/\/hcpderie.fr\/?author=1"},"rttpg_comment":0,"rttpg_category":"<a href=\"https:\/\/hcpderie.fr\/?cat=10\" rel=\"category\">presse<\/a>","rttpg_excerpt":"Jacques Baud tourne une page de l&rsquo;Histoire \u00a0 L&rsquo;assembl\u00e9e g\u00e9n\u00e9rale d&rsquo;Histoire culture et patrimoine du pays de Ri\u00e9 s&rsquo;est tenue, [&hellip;]","_links":{"self":[{"href":"https:\/\/hcpderie.fr\/index.php?rest_route=\/wp\/v2\/posts\/3045","targetHints":{"allow":["GET"]}}],"collection":[{"href":"https:\/\/hcpderie.fr\/index.php?rest_route=\/wp\/v2\/posts"}],"about":[{"href":"https:\/\/hcpderie.fr\/index.php?rest_route=\/wp\/v2\/types\/post"}],"author":[{"embeddable":true,"href":"https:\/\/hcpderie.fr\/index.php?rest_route=\/wp\/v2\/users\/1"}],"replies":[{"embeddable":true,"href":"https:\/\/hcpderie.fr\/index.php?rest_route=%2Fwp%2Fv2%2Fcomments&post=3045"}],"version-history":[{"count":4,"href":"https:\/\/hcpderie.fr\/index.php?rest_route=\/wp\/v2\/posts\/3045\/revisions"}],"predecessor-version":[{"id":3050,"href":"https:\/\/hcpderie.fr\/index.php?rest_route=\/wp\/v2\/posts\/3045\/revisions\/3050"}],"wp:featuredmedia":[{"embeddable":true,"href":"https:\/\/hcpderie.fr\/index.php?rest_route=\/wp\/v2\/media\/3046"}],"wp:attachment":[{"href":"https:\/\/hcpderie.fr\/index.php?rest_route=%2Fwp%2Fv2%2Fmedia&parent=3045"}],"wp:term":[{"taxonomy":"category","embeddable":true,"href":"https:\/\/hcpderie.fr\/index.php?rest_route=%2Fwp%2Fv2%2Fcategories&post=3045"},{"taxonomy":"post_tag","embeddable":true,"href":"https:\/\/hcpderie.fr\/index.php?rest_route=%2Fwp%2Fv2%2Ftags&post=3045"}],"curies":[{"name":"wp","href":"https:\/\/api.w.org\/{rel}","templated":true}]}}