{"id":2865,"date":"2015-08-18T13:56:00","date_gmt":"2015-08-18T11:56:00","guid":{"rendered":"https:\/\/hcpderie.fr\/?p=2865"},"modified":"2026-03-25T14:15:35","modified_gmt":"2026-03-25T13:15:35","slug":"conference-sur-les-batailles-de-rie-et-des-mathes","status":"publish","type":"post","link":"https:\/\/hcpderie.fr\/?p=2865","title":{"rendered":"Conf\u00e9rence sur les batailles de Ri\u00e9 et des Mathes"},"content":{"rendered":"\t\t<div data-elementor-type=\"wp-post\" data-elementor-id=\"2865\" class=\"elementor elementor-2865\">\n\t\t\t\t<div class=\"elementor-element elementor-element-892ca38 e-flex e-con-boxed e-con e-parent\" data-id=\"892ca38\" data-element_type=\"container\" data-e-type=\"container\">\n\t\t\t\t\t<div class=\"e-con-inner\">\n\t\t\t\t<div class=\"elementor-element elementor-element-75eff9f elementor-widget elementor-widget-heading\" data-id=\"75eff9f\" data-element_type=\"widget\" data-e-type=\"widget\" data-widget_type=\"heading.default\">\n\t\t\t\t\t<h2 class=\"elementor-heading-title elementor-size-default\">Conf\u00e9rence sur les batailles de Ri\u00e9 et des Mathes<\/h2>\t\t\t\t<\/div>\n\t\t\t\t\t<\/div>\n\t\t\t\t<\/div>\n\t\t<div class=\"elementor-element elementor-element-726510f e-flex e-con-boxed e-con e-parent\" data-id=\"726510f\" data-element_type=\"container\" data-e-type=\"container\">\n\t\t\t\t\t<div class=\"e-con-inner\">\n\t\t\t\t<div class=\"elementor-element elementor-element-f8151e1 elementor-widget elementor-widget-text-editor\" data-id=\"f8151e1\" data-element_type=\"widget\" data-e-type=\"widget\" data-widget_type=\"text-editor.default\">\n\t\t\t\t\t\t\t\t\t<div class=\"da-grid-area-2 col-gauche \"><figure id=\"attachment_2866\" aria-describedby=\"caption-attachment-2866\" style=\"width: 630px\" class=\"wp-caption aligncenter\"><a href=\"https:\/\/hcpderie.fr\/wp-content\/uploads\/2026\/03\/louis-rochejacquelein.png\"><img fetchpriority=\"high\" decoding=\"async\" class=\"wp-image-2866 size-full\" src=\"https:\/\/hcpderie.fr\/wp-content\/uploads\/2026\/03\/louis-rochejacquelein.png\" alt=\"\" width=\"630\" height=\"354\" srcset=\"https:\/\/hcpderie.fr\/wp-content\/uploads\/2026\/03\/louis-rochejacquelein.png 630w, https:\/\/hcpderie.fr\/wp-content\/uploads\/2026\/03\/louis-rochejacquelein-300x169.png 300w\" sizes=\"(max-width: 630px) 100vw, 630px\" \/><\/a><figcaption id=\"caption-attachment-2866\" class=\"wp-caption-text\">Portraits d&rsquo;\u00e9poque de Louis de La Rochejacquelein.<\/figcaption><\/figure><aside class=\"contenu-secondaire \" data-nosnippet=\"\"><div id=\"bloc_3quarts_1__parentOf__inscription_newsletter\" class=\"_b su-visible-xl su-relative \" data-trk=\"[{&amp;quot;n&amp;quot;:&amp;quot;platform-newsletters&amp;quot;,&amp;quot;o&amp;quot;:&amp;quot;Platform BP Newsletters&amp;quot;,&amp;quot;v&amp;quot;:&amp;quot;3.15.0&amp;quot;}]\"><section class=\"bp-nl su-standard-border su-standard-radius su-standard-padding\"><div class=\"container\"><div class=\"entete\"><h5 class=\"su-h3 su-margin-bottom-xs\">\u00a0<\/h5><\/div><\/div><\/section><\/div><\/aside><\/div><div id=\"article-detail\" class=\"da-grid-area-4 contenu-principal p402_premium \"><div class=\"su-article\"><h5 id=\"bloc_3quarts_1__parentOf__placeholder_apres_0_desktop\" class=\"_b su-visible-lg su-visible-xl\">\u00a0<\/h5><h5>Patrick Avrillas, auteur de<i>\u00a0La bataille de l&rsquo;Isle de Ri\u00e9<\/i>, et Jean-Fran\u00e7ois Tessier, auteur de\u00a0<i>Chroniques de paroisse \u00e0 Saint-Hilaire,<\/i>\u00a0animeront une causerie sur les \u00e9v\u00e9nements historiques locaux que constituent les batailles de l&rsquo;Isle de Ri\u00e9 le 16 avril 1622, et des Mathes le 4 juin 1815. Des faits distants de deux si\u00e8cles\u00a0<b>\u00ab mais g\u00e9ographiquement proches \u00bb<\/b><b>,<\/b>\u00a0puisque situ\u00e9s sur une m\u00eame partie du territoire de la commune. En sc\u00e8ne, deux personnages cl\u00e9s. Louis XIII, pr\u00e9sent en personne sur les lieux pour les combats de l&rsquo;Isle de Ri\u00e9 et Louis de la Rochejacquelein qui p\u00e9rit dans l&rsquo;affrontement final des Mathes.<\/h5><h5 id=\"bloc_3quarts_1__parentOf__placeholder_apres_1_desktop\" class=\"_b su-visible-lg su-visible-xl\">\u00a0<\/h5><h5>L&rsquo;intervention de Patrick Avrillas et de Jean Fran\u00e7ois Tessier est plac\u00e9e sous l&rsquo;\u00e9gide de la jeune association hilairoise, Histoire, culture et patrimoine en Pays de Ri\u00e9 (HCP de Ri\u00e9), que pr\u00e9side Jacques Baud. Elle intervient \u00e0 l&rsquo;occasion du bicentenaire de la bataille des Mathes, avec un partenariat r\u00e9ussi avec la Ville pour la mise en valeur du site.<\/h5><h5 id=\"bloc_3quarts_1__parentOf__placeholder_apres_3_desktop\" class=\"_b su-visible-lg su-visible-xl\">\u00a0<\/h5><h5>Deux faits historiques<\/h5><h5 id=\"bloc_3quarts_1__parentOf__placeholder_apres_4_desktop\" class=\"_b su-visible-lg su-visible-xl\">\u00a0<\/h5><h5>Comme l&rsquo;indique Patrick Avrillas dans la premi\u00e8re brochure que vient d&rsquo;\u00e9diter HCP de Ri\u00e9 :\u00a0<b>\u00ab Sur ce promontoire de l&rsquo;ancienne \u00cele de Ri\u00e9, les dunes et les marais invitent \u00e0 la m\u00e9moire des guerres de religion et des guerres de Vend\u00e9e. Catholiques et protestants, au 1622, avec une large victoire de Louis XIII. Royalistes et bonapartistes en 1815 (quelques jours avant Waterloo) o\u00f9 Louis de la Rochejacquelein, tu\u00e9 au combat,<\/b>\u00a0<b>fr\u00e8re d&rsquo;Henri le chef chouan, \u00e9choua dans sa tentative de r\u00e9tablir Louis XVIII sur le tr\u00f4ne.<\/b>\u00a0<b>\u00bb<\/b><b>\u00a0<\/b>Les expos\u00e9s et les d\u00e9bats traiteront donc ces deux illustres visiteurs de l&rsquo;ancienne \u00cele de Ri\u00e9\u00a0<b>\u00ab devenue, \u00e0 double titre, territoire oblig\u00e9 de ces faits historiques, des faits d&rsquo;une importance nationale souvent m\u00e9connue \u00bb.<\/b><\/h5><h5 id=\"bloc_3quarts_1__parentOf__placeholder_apres_5_desktop\" class=\"_b su-visible-lg su-visible-xl\">\u00a0<\/h5><h5 id=\"bloc_3quarts_1__parentOf__placeholder_antepenultieme_desktop\" class=\"_b su-visible-lg su-visible-xl\">\u00a0<\/h5><h5 id=\"bloc_3quarts_1__parentOf__placeholder_apres_6\" class=\"_b\" data-trk=\"[{&amp;quot;n&amp;quot;:&amp;quot;taboola&amp;quot;,&amp;quot;o&amp;quot;:&amp;quot;Blocktopus PROD pubs&amp;quot;,&amp;quot;v&amp;quot;:&amp;quot;111.0.0&amp;quot;}]\">\u00a0Source Ouest France 18\/08\/2015<\/h5><\/div><\/div>\t\t\t\t\t\t\t\t<\/div>\n\t\t\t\t\t<\/div>\n\t\t\t\t<\/div>\n\t\t<div class=\"elementor-element elementor-element-5ebc2e5 e-flex e-con-boxed e-con e-parent\" data-id=\"5ebc2e5\" data-element_type=\"container\" data-e-type=\"container\">\n\t\t\t\t\t<div class=\"e-con-inner\">\n\t\t\t\t<div class=\"elementor-element elementor-element-e6ff7cc tahefobu-main-menu-align-center tahefobu-main-menu-align--tabletleft tahefobu-main-menu-align--mobileleft tahefobu-sub-icon-caret-down tahefobu-nav-menu-bp-mobile tahefobu-mobile-menu-full-width tahefobu-mobile-menu-item-align-center tahefobu-mobile-toggle-v1 tahefobu-sub-divider-yes tahefobu-mobile-divider-yes elementor-widget elementor-widget-tahefobu-navigation-menu\" data-id=\"e6ff7cc\" data-element_type=\"widget\" data-e-type=\"widget\" data-widget_type=\"tahefobu-navigation-menu.default\">\n\t\t\t\t<div class=\"elementor-widget-container\">\n\t\t\t\t\t<nav class=\"tahefobu-nav-menu-container tahefobu-nav-menu-horizontal\" data-trigger=\"hover\"><ul id=\"menu-1-e6ff7cc\" class=\"tahefobu-nav-menu\"><li class=\"menu-item menu-item-type-post_type menu-item-object-page menu-item-home menu-item-988\"><a href=\"https:\/\/hcpderie.fr\/\" class=\"tahefobu-menu-item tahefobu-pointer-item menu-link\">Accueil<\/a><\/li>\n<\/ul><\/nav><nav class=\"tahefobu-mobile-nav-menu-container\"><div class=\"tahefobu-mobile-toggle-wrap\"><div class=\"tahefobu-mobile-toggle\"><span class=\"tahefobu-mobile-toggle-line\"><\/span><span class=\"tahefobu-mobile-toggle-line\"><\/span><span class=\"tahefobu-mobile-toggle-line\"><\/span><\/div><\/div><ul id=\"mobile-menu-2-e6ff7cc\" class=\"tahefobu-mobile-nav-menu\"><li class=\"menu-item menu-item-type-post_type menu-item-object-page menu-item-home menu-item-988\"><a href=\"https:\/\/hcpderie.fr\/\" class=\"tahefobu-mobile-menu-item menu-link\">Accueil<\/a><\/li>\n<\/ul><\/nav>\t\t\t\t<\/div>\n\t\t\t\t<\/div>\n\t\t\t\t\t<\/div>\n\t\t\t\t<\/div>\n\t\t\t\t<\/div>\n\t\t","protected":false},"excerpt":{"rendered":"<p>Conf\u00e9rence sur les batailles de Ri\u00e9 et des Mathes \u00a0 \u00a0 Patrick Avrillas, auteur de\u00a0La bataille de l&rsquo;Isle de Ri\u00e9, [&hellip;]<\/p>\n","protected":false},"author":1,"featured_media":2866,"comment_status":"closed","ping_status":"closed","sticky":false,"template":"","format":"standard","meta":{"_angie_page":false,"site-sidebar-layout":"default","site-content-layout":"","ast-site-content-layout":"default","site-content-style":"default","site-sidebar-style":"default","ast-global-header-display":"","ast-banner-title-visibility":"","ast-main-header-display":"","ast-hfb-above-header-display":"","ast-hfb-below-header-display":"","ast-hfb-mobile-header-display":"","site-post-title":"","ast-breadcrumbs-content":"","ast-featured-img":"","footer-sml-layout":"","ast-disable-related-posts":"","theme-transparent-header-meta":"","adv-header-id-meta":"","stick-header-meta":"","header-above-stick-meta":"","header-main-stick-meta":"","header-below-stick-meta":"","astra-migrate-meta-layouts":"default","ast-page-background-enabled":"default","ast-page-background-meta":{"desktop":{"background-color":"var(--ast-global-color-5)","background-image":"","background-repeat":"repeat","background-position":"center center","background-size":"auto","background-attachment":"scroll","background-type":"","background-media":"","overlay-type":"","overlay-color":"","overlay-opacity":"","overlay-gradient":""},"tablet":{"background-color":"","background-image":"","background-repeat":"repeat","background-position":"center center","background-size":"auto","background-attachment":"scroll","background-type":"","background-media":"","overlay-type":"","overlay-color":"","overlay-opacity":"","overlay-gradient":""},"mobile":{"background-color":"","background-image":"","background-repeat":"repeat","background-position":"center center","background-size":"auto","background-attachment":"scroll","background-type":"","background-media":"","overlay-type":"","overlay-color":"","overlay-opacity":"","overlay-gradient":""}},"ast-content-background-meta":{"desktop":{"background-color":"var(--ast-global-color-4)","background-image":"","background-repeat":"repeat","background-position":"center center","background-size":"auto","background-attachment":"scroll","background-type":"","background-media":"","overlay-type":"","overlay-color":"","overlay-opacity":"","overlay-gradient":""},"tablet":{"background-color":"var(--ast-global-color-4)","background-image":"","background-repeat":"repeat","background-position":"center center","background-size":"auto","background-attachment":"scroll","background-type":"","background-media":"","overlay-type":"","overlay-color":"","overlay-opacity":"","overlay-gradient":""},"mobile":{"background-color":"var(--ast-global-color-4)","background-image":"","background-repeat":"repeat","background-position":"center center","background-size":"auto","background-attachment":"scroll","background-type":"","background-media":"","overlay-type":"","overlay-color":"","overlay-opacity":"","overlay-gradient":""}},"page_builder":"","_jetpack_memberships_contains_paid_content":false,"footnotes":""},"categories":[10],"tags":[],"class_list":["post-2865","post","type-post","status-publish","format-standard","has-post-thumbnail","hentry","category-presse"],"aioseo_notices":[],"jetpack_featured_media_url":"https:\/\/hcpderie.fr\/wp-content\/uploads\/2026\/03\/louis-rochejacquelein.png","jetpack_sharing_enabled":true,"jetpack_likes_enabled":true,"rttpg_featured_image_url":{"full":["https:\/\/hcpderie.fr\/wp-content\/uploads\/2026\/03\/louis-rochejacquelein.png",630,354,false],"landscape":["https:\/\/hcpderie.fr\/wp-content\/uploads\/2026\/03\/louis-rochejacquelein.png",630,354,false],"portraits":["https:\/\/hcpderie.fr\/wp-content\/uploads\/2026\/03\/louis-rochejacquelein.png",630,354,false],"thumbnail":["https:\/\/hcpderie.fr\/wp-content\/uploads\/2026\/03\/louis-rochejacquelein-150x150.png",150,150,true],"medium":["https:\/\/hcpderie.fr\/wp-content\/uploads\/2026\/03\/louis-rochejacquelein-300x169.png",300,169,true],"large":["https:\/\/hcpderie.fr\/wp-content\/uploads\/2026\/03\/louis-rochejacquelein.png",630,354,false],"1536x1536":["https:\/\/hcpderie.fr\/wp-content\/uploads\/2026\/03\/louis-rochejacquelein.png",630,354,false],"2048x2048":["https:\/\/hcpderie.fr\/wp-content\/uploads\/2026\/03\/louis-rochejacquelein.png",630,354,false]},"rttpg_author":{"display_name":"ADMIN17","author_link":"https:\/\/hcpderie.fr\/?author=1"},"rttpg_comment":0,"rttpg_category":"<a href=\"https:\/\/hcpderie.fr\/?cat=10\" rel=\"category\">presse<\/a>","rttpg_excerpt":"Conf\u00e9rence sur les batailles de Ri\u00e9 et des Mathes \u00a0 \u00a0 Patrick Avrillas, auteur de\u00a0La bataille de l&rsquo;Isle de Ri\u00e9, [&hellip;]","_links":{"self":[{"href":"https:\/\/hcpderie.fr\/index.php?rest_route=\/wp\/v2\/posts\/2865","targetHints":{"allow":["GET"]}}],"collection":[{"href":"https:\/\/hcpderie.fr\/index.php?rest_route=\/wp\/v2\/posts"}],"about":[{"href":"https:\/\/hcpderie.fr\/index.php?rest_route=\/wp\/v2\/types\/post"}],"author":[{"embeddable":true,"href":"https:\/\/hcpderie.fr\/index.php?rest_route=\/wp\/v2\/users\/1"}],"replies":[{"embeddable":true,"href":"https:\/\/hcpderie.fr\/index.php?rest_route=%2Fwp%2Fv2%2Fcomments&post=2865"}],"version-history":[{"count":10,"href":"https:\/\/hcpderie.fr\/index.php?rest_route=\/wp\/v2\/posts\/2865\/revisions"}],"predecessor-version":[{"id":2876,"href":"https:\/\/hcpderie.fr\/index.php?rest_route=\/wp\/v2\/posts\/2865\/revisions\/2876"}],"wp:featuredmedia":[{"embeddable":true,"href":"https:\/\/hcpderie.fr\/index.php?rest_route=\/wp\/v2\/media\/2866"}],"wp:attachment":[{"href":"https:\/\/hcpderie.fr\/index.php?rest_route=%2Fwp%2Fv2%2Fmedia&parent=2865"}],"wp:term":[{"taxonomy":"category","embeddable":true,"href":"https:\/\/hcpderie.fr\/index.php?rest_route=%2Fwp%2Fv2%2Fcategories&post=2865"},{"taxonomy":"post_tag","embeddable":true,"href":"https:\/\/hcpderie.fr\/index.php?rest_route=%2Fwp%2Fv2%2Ftags&post=2865"}],"curies":[{"name":"wp","href":"https:\/\/api.w.org\/{rel}","templated":true}]}}