{"id":2831,"date":"2023-05-22T07:59:00","date_gmt":"2023-05-22T05:59:00","guid":{"rendered":"https:\/\/hcpderie.fr\/?p=2831"},"modified":"2026-03-25T08:10:32","modified_gmt":"2026-03-25T07:10:32","slug":"lhistoire-locale-de-la-seconde-guerre-mondiale-retranscrite-dans-un-livre","status":"publish","type":"post","link":"https:\/\/hcpderie.fr\/?p=2831","title":{"rendered":"L\u2019histoire locale de la Seconde Guerre mondiale retranscrite dans un livre"},"content":{"rendered":"\t\t<div data-elementor-type=\"wp-post\" data-elementor-id=\"2831\" class=\"elementor elementor-2831\">\n\t\t\t\t<div class=\"elementor-element elementor-element-61d98c1 e-flex e-con-boxed e-con e-parent\" data-id=\"61d98c1\" data-element_type=\"container\" data-e-type=\"container\">\n\t\t\t\t\t<div class=\"e-con-inner\">\n\t\t\t\t<div class=\"elementor-element elementor-element-8e7b30c elementor-widget elementor-widget-heading\" data-id=\"8e7b30c\" data-element_type=\"widget\" data-e-type=\"widget\" data-widget_type=\"heading.default\">\n\t\t\t\t\t<h2 class=\"elementor-heading-title elementor-size-default\"> L\u2019histoire locale de la Seconde Guerre mondiale retranscrite dans un livre<\/h2>\t\t\t\t<\/div>\n\t\t\t\t\t<\/div>\n\t\t\t\t<\/div>\n\t\t<div class=\"elementor-element elementor-element-1cc11f7 e-flex e-con-boxed e-con e-parent\" data-id=\"1cc11f7\" data-element_type=\"container\" data-e-type=\"container\">\n\t\t\t\t\t<div class=\"e-con-inner\">\n\t\t\t\t<div class=\"elementor-element elementor-element-ff82812 elementor-widget elementor-widget-text-editor\" data-id=\"ff82812\" data-element_type=\"widget\" data-e-type=\"widget\" data-widget_type=\"text-editor.default\">\n\t\t\t\t\t\t\t\t\t<h5>Le v\u00e9cu en Vend\u00e9e de la Seconde Guerre mondiale inspire fortement Cyriaque Feuillet qui a r\u00e9alis\u00e9 un documentaire et qui est en train de co\u00e9crire un livre sur le sujet.<\/h5><h5>\u00a0<\/h5><figure style=\"width: 1260px\" class=\"wp-caption alignnone\"><img fetchpriority=\"high\" decoding=\"async\" src=\"https:\/\/media.ouest-france.fr\/v1\/pictures\/MjAyMzA1OGNiN2U5MmJlZDdjZTNmZjM0ZGVjN2Y5YWQzNThiZDY?width=1260&amp;height=708&amp;focuspoint=50%2C25&amp;cropresize=1&amp;client_id=bpeditorial&amp;sign=0c65f8d12b9b641d4c40999acf85e79472ae5bcaf73808096f3480c7165f17bf\" alt=\"28\u00a0janvier 1945, un avion allemand est abattu et s\u2019\u00e9crase \u00e0 la P\u00e8ge.\" width=\"1260\" height=\"708\" \/><figcaption class=\"wp-caption-text\">28 janvier 1945, un avion allemand est abattu et s\u2019\u00e9crase \u00e0 la P\u00e8ge. | ARCHIVES D\u2019H\u00c9L\u00c8NE BOULINEAU<\/figcaption><\/figure><div><h5>\u00a0<\/h5><div><p>Cyriaque Feuillet a r\u00e9alis\u00e9 un documentaire sur l\u2019Occupation allemande en Vend\u00e9e et coauteur d\u2019un livre sur le m\u00eame sujet.<\/p><p>\u00a0<\/p><p><strong>Pourquoi avoir d\u00e9cid\u00e9 de r\u00e9aliser un film sur un sujet aussi douloureux\u00a0?<\/strong><\/p><p>Le film est n\u00e9 d\u2019une r\u00e9flexion que je me suis faite, il y a quatre ans de cela. En effet, \u00e0 l\u2019instar de bon nombre de familles fran\u00e7aises qui avaient souffert d\u2019avoir perdu un proche ou d\u2019avoir \u00e9t\u00e9 t\u00e9moin des pires horreurs, je me suis dit qu\u2019il serait pas mal de retracer l\u2019histoire de Saint-Gilles-Croix-de-Vie, et de ses environs, durant cette p\u00e9riode en recueillant divers t\u00e9moignages. En exprimant ainsi leur part de souffrances, de traumatismes, et en contant leurs anecdotes, la m\u00e9moire locale de cette sombre p\u00e9riode sera ainsi sauvegard\u00e9e.<\/p><div id=\"bloc_3quarts_1__parentOf__placeholder_apres_2_bis\" class=\"_b su-margin-top-m\" data-trk=\"[{&amp;quot;n&amp;quot;:&amp;quot;poool-div&amp;quot;,&amp;quot;o&amp;quot;:&amp;quot;poool-div&amp;quot;,&amp;quot;v&amp;quot;:&amp;quot;1.0.0&amp;quot;}]\"><div id=\"poool_pave1\">\u00a0<\/div><\/div><div id=\"bloc_3quarts_1__parentOf__placeholder_apres_2_desktop\" class=\"_b su-visible-lg su-visible-xl\">\u00a0<\/div><div class=\"image-container\"><div class=\"image-article \"><figure><div class=\"su-ratio-16-9 \"><img decoding=\"async\" class=\"su-media loaded aligncenter\" title=\"Le r\u00e9alisateur Cyriaque Feuillet.\" src=\"https:\/\/media.ouest-france.fr\/v1\/pictures\/MjAyMzA1MmNiY2VmZWVhMjMwYWQxYmJiM2YwODViMjFlNWYwNDc?width=630&amp;focuspoint=50%2C25&amp;cropresize=1&amp;client_id=bpeditorial&amp;sign=60939786dc079b99a9f8a71632bc11ae8e7262e8e62802c1e8609968276b2dd2\" \/><\/div><figcaption>Le r\u00e9alisateur Cyriaque Feuillet. | OUEST-FRANCE<p>\u00a0<\/p><\/figcaption><figcaption><\/figcaption><\/figure><\/div><\/div><p><strong>Comment vous est venue l\u2019id\u00e9e de poursuivre l\u2019aventure avec Histoire, culture et patrimoine (HCP)\u00a0?<\/strong><\/p><p>Il y a un an et demi environ, je suis all\u00e9 voir Patrick Avrillas pour recueillir le t\u00e9moignage de son p\u00e8re qui n\u2019avait pas souhait\u00e9 parler face cam\u00e9ra. Puis au fil de nos \u00e9changes sur le sujet, nous avons discut\u00e9 du projet d\u2019HCP de r\u00e9aliser une revue sur la Seconde Guerre mondiale. Compte tenu des fonds documentaires dont je disposais et en ad\u00e9quation avec la r\u00e9alisation de mon film, tr\u00e8s vite, il m\u2019a invit\u00e9 \u00e0 m\u2019y associer. Finalement, de fil en aiguille, j\u2019en suis devenu la cheville ouvri\u00e8re.<\/p><div id=\"bloc_3quarts_1__parentOf__placeholder_apres_3_desktop\" class=\"_b su-visible-lg su-visible-xl\">\u00a0<\/div><p><strong>Quel est l\u2019objectif de ce livre\u00a0?<\/strong><\/p><p>L\u2019objectif est de transmettre et, tout comme le film, de sauvegarder l\u2019histoire locale. Et comme nous recherchons toujours des photos d\u2019\u00e9poque, nous invitons les personnes ayant un fonds documentaire sur le sujet de se rapprocher de l\u2019association.<\/p><div id=\"bloc_3quarts_1__parentOf__placeholder_apres_4_bis\" class=\"_b su-margin-top-l\" data-trk=\"[{&amp;quot;n&amp;quot;:&amp;quot;poool-div&amp;quot;,&amp;quot;o&amp;quot;:&amp;quot;poool-div&amp;quot;,&amp;quot;v&amp;quot;:&amp;quot;1.0.0&amp;quot;}]\"><div id=\"poool_pave2\">\u00a0<\/div><\/div><p><strong>\u00c0 quoi peut s\u2019attendre le public dans ce livre\u00a0? Et en quoi sera-t-il diff\u00e9rent du film\u00a0?<\/strong><\/p><p>L\u2019id\u00e9e est d\u2019apporter des \u00e9claircissements sur ce que les gens ont v\u00e9cu ici, et non de r\u00e9p\u00e9ter ce qui a d\u2019ores et d\u00e9j\u00e0 \u00e9t\u00e9 \u00e9crit dans de nombreux ouvrages. L\u2019id\u00e9e, c\u2019est de raconter, entre autres, la p\u00e9riode de Vichy chez nous, de mettre en lumi\u00e8re des histoires vraies telles que le naufrage du\u00a0<em>Lancastria<\/em>\u00a0ou encore le dramatique crash d\u2019un bombardier allemand \u00e0 la P\u00e8ge, qui avait fait cinq\u00a0morts et dont il n\u2019y eut qu\u2019un seul survivant.<\/p><div id=\"bloc_3quarts_1__parentOf__placeholder_apres_5_desktop\" class=\"_b su-visible-lg su-visible-xl\">\u00a0<\/div><div id=\"bloc_3quarts_1__parentOf__placeholder_avant_dernier_desktop\" class=\"_b su-visible-lg su-visible-xl\">\u00a0<\/div><p><strong>Et le fait m\u00eame que ce livre s\u2019\u00e9crive juste apr\u00e8s la r\u00e9alisation vid\u00e9o, que ressentez-vous aujourd\u2019hui\u00a0?<\/strong><\/p><p>C\u2019est pour moi une continuit\u00e9. \u00c9motionnellement, j\u2019\u00e9prouve une tr\u00e8s grande satisfaction puisque la culture et le patrimoine sont deux domaines qui m\u2019int\u00e9ressent beaucoup. Enfin, je serais combl\u00e9 si les enfants, quel que soit le lieu o\u00f9 ils sont scolaris\u00e9s, peuvent s\u2019approprier cet outil qui permet de comprendre la grande histoire \u00e0 travers sa propre histoire locale.<\/p><h5>\u00a0Source Ouest France 22 05 2023<\/h5><\/div><\/div>\t\t\t\t\t\t\t\t<\/div>\n\t\t\t\t\t<\/div>\n\t\t\t\t<\/div>\n\t\t<div class=\"elementor-element elementor-element-09ca5af e-flex e-con-boxed e-con e-parent\" data-id=\"09ca5af\" data-element_type=\"container\" data-e-type=\"container\">\n\t\t\t\t\t<div class=\"e-con-inner\">\n\t\t\t\t<div class=\"elementor-element elementor-element-a43918a tahefobu-main-menu-align-center tahefobu-main-menu-align--tabletleft tahefobu-main-menu-align--mobileleft tahefobu-sub-icon-caret-down tahefobu-nav-menu-bp-mobile tahefobu-mobile-menu-full-width tahefobu-mobile-menu-item-align-center tahefobu-mobile-toggle-v1 tahefobu-sub-divider-yes tahefobu-mobile-divider-yes elementor-widget elementor-widget-tahefobu-navigation-menu\" data-id=\"a43918a\" data-element_type=\"widget\" data-e-type=\"widget\" data-widget_type=\"tahefobu-navigation-menu.default\">\n\t\t\t\t<div class=\"elementor-widget-container\">\n\t\t\t\t\t<nav class=\"tahefobu-nav-menu-container tahefobu-nav-menu-horizontal\" data-trigger=\"hover\"><ul id=\"menu-1-a43918a\" class=\"tahefobu-nav-menu\"><li class=\"menu-item menu-item-type-post_type menu-item-object-page menu-item-home menu-item-988\"><a href=\"https:\/\/hcpderie.fr\/\" class=\"tahefobu-menu-item tahefobu-pointer-item menu-link\">Accueil<\/a><\/li>\n<\/ul><\/nav><nav class=\"tahefobu-mobile-nav-menu-container\"><div class=\"tahefobu-mobile-toggle-wrap\"><div class=\"tahefobu-mobile-toggle\"><span class=\"tahefobu-mobile-toggle-line\"><\/span><span class=\"tahefobu-mobile-toggle-line\"><\/span><span class=\"tahefobu-mobile-toggle-line\"><\/span><\/div><\/div><ul id=\"mobile-menu-2-a43918a\" class=\"tahefobu-mobile-nav-menu\"><li class=\"menu-item menu-item-type-post_type menu-item-object-page menu-item-home menu-item-988\"><a href=\"https:\/\/hcpderie.fr\/\" class=\"tahefobu-mobile-menu-item menu-link\">Accueil<\/a><\/li>\n<\/ul><\/nav>\t\t\t\t<\/div>\n\t\t\t\t<\/div>\n\t\t\t\t\t<\/div>\n\t\t\t\t<\/div>\n\t\t\t\t<\/div>\n\t\t","protected":false},"excerpt":{"rendered":"<p>L\u2019histoire locale de la Seconde Guerre mondiale retranscrite dans un livre Le v\u00e9cu en Vend\u00e9e de la Seconde Guerre mondiale [&hellip;]<\/p>\n","protected":false},"author":1,"featured_media":2832,"comment_status":"closed","ping_status":"closed","sticky":false,"template":"","format":"standard","meta":{"_angie_page":false,"site-sidebar-layout":"default","site-content-layout":"","ast-site-content-layout":"default","site-content-style":"default","site-sidebar-style":"default","ast-global-header-display":"","ast-banner-title-visibility":"","ast-main-header-display":"","ast-hfb-above-header-display":"","ast-hfb-below-header-display":"","ast-hfb-mobile-header-display":"","site-post-title":"","ast-breadcrumbs-content":"","ast-featured-img":"","footer-sml-layout":"","ast-disable-related-posts":"","theme-transparent-header-meta":"","adv-header-id-meta":"","stick-header-meta":"","header-above-stick-meta":"","header-main-stick-meta":"","header-below-stick-meta":"","astra-migrate-meta-layouts":"default","ast-page-background-enabled":"default","ast-page-background-meta":{"desktop":{"background-color":"var(--ast-global-color-5)","background-image":"","background-repeat":"repeat","background-position":"center center","background-size":"auto","background-attachment":"scroll","background-type":"","background-media":"","overlay-type":"","overlay-color":"","overlay-opacity":"","overlay-gradient":""},"tablet":{"background-color":"","background-image":"","background-repeat":"repeat","background-position":"center center","background-size":"auto","background-attachment":"scroll","background-type":"","background-media":"","overlay-type":"","overlay-color":"","overlay-opacity":"","overlay-gradient":""},"mobile":{"background-color":"","background-image":"","background-repeat":"repeat","background-position":"center center","background-size":"auto","background-attachment":"scroll","background-type":"","background-media":"","overlay-type":"","overlay-color":"","overlay-opacity":"","overlay-gradient":""}},"ast-content-background-meta":{"desktop":{"background-color":"var(--ast-global-color-4)","background-image":"","background-repeat":"repeat","background-position":"center center","background-size":"auto","background-attachment":"scroll","background-type":"","background-media":"","overlay-type":"","overlay-color":"","overlay-opacity":"","overlay-gradient":""},"tablet":{"background-color":"var(--ast-global-color-4)","background-image":"","background-repeat":"repeat","background-position":"center center","background-size":"auto","background-attachment":"scroll","background-type":"","background-media":"","overlay-type":"","overlay-color":"","overlay-opacity":"","overlay-gradient":""},"mobile":{"background-color":"var(--ast-global-color-4)","background-image":"","background-repeat":"repeat","background-position":"center center","background-size":"auto","background-attachment":"scroll","background-type":"","background-media":"","overlay-type":"","overlay-color":"","overlay-opacity":"","overlay-gradient":""}},"page_builder":"","_jetpack_memberships_contains_paid_content":false,"footnotes":""},"categories":[10],"tags":[],"class_list":["post-2831","post","type-post","status-publish","format-standard","has-post-thumbnail","hentry","category-presse"],"aioseo_notices":[],"jetpack_featured_media_url":"https:\/\/hcpderie.fr\/wp-content\/uploads\/2026\/03\/ouest-france-cyriaque.jpg","jetpack_sharing_enabled":true,"jetpack_likes_enabled":true,"rttpg_featured_image_url":{"full":["https:\/\/hcpderie.fr\/wp-content\/uploads\/2026\/03\/ouest-france-cyriaque.jpg",1260,945,false],"landscape":["https:\/\/hcpderie.fr\/wp-content\/uploads\/2026\/03\/ouest-france-cyriaque.jpg",1260,945,false],"portraits":["https:\/\/hcpderie.fr\/wp-content\/uploads\/2026\/03\/ouest-france-cyriaque.jpg",1260,945,false],"thumbnail":["https:\/\/hcpderie.fr\/wp-content\/uploads\/2026\/03\/ouest-france-cyriaque-150x150.jpg",150,150,true],"medium":["https:\/\/hcpderie.fr\/wp-content\/uploads\/2026\/03\/ouest-france-cyriaque-300x225.jpg",300,225,true],"large":["https:\/\/hcpderie.fr\/wp-content\/uploads\/2026\/03\/ouest-france-cyriaque-1024x768.jpg",1024,768,true],"1536x1536":["https:\/\/hcpderie.fr\/wp-content\/uploads\/2026\/03\/ouest-france-cyriaque.jpg",1260,945,false],"2048x2048":["https:\/\/hcpderie.fr\/wp-content\/uploads\/2026\/03\/ouest-france-cyriaque.jpg",1260,945,false]},"rttpg_author":{"display_name":"ADMIN17","author_link":"https:\/\/hcpderie.fr\/?author=1"},"rttpg_comment":0,"rttpg_category":"<a href=\"https:\/\/hcpderie.fr\/?cat=10\" rel=\"category\">presse<\/a>","rttpg_excerpt":"L\u2019histoire locale de la Seconde Guerre mondiale retranscrite dans un livre Le v\u00e9cu en Vend\u00e9e de la Seconde Guerre mondiale [&hellip;]","_links":{"self":[{"href":"https:\/\/hcpderie.fr\/index.php?rest_route=\/wp\/v2\/posts\/2831","targetHints":{"allow":["GET"]}}],"collection":[{"href":"https:\/\/hcpderie.fr\/index.php?rest_route=\/wp\/v2\/posts"}],"about":[{"href":"https:\/\/hcpderie.fr\/index.php?rest_route=\/wp\/v2\/types\/post"}],"author":[{"embeddable":true,"href":"https:\/\/hcpderie.fr\/index.php?rest_route=\/wp\/v2\/users\/1"}],"replies":[{"embeddable":true,"href":"https:\/\/hcpderie.fr\/index.php?rest_route=%2Fwp%2Fv2%2Fcomments&post=2831"}],"version-history":[{"count":10,"href":"https:\/\/hcpderie.fr\/index.php?rest_route=\/wp\/v2\/posts\/2831\/revisions"}],"predecessor-version":[{"id":2842,"href":"https:\/\/hcpderie.fr\/index.php?rest_route=\/wp\/v2\/posts\/2831\/revisions\/2842"}],"wp:featuredmedia":[{"embeddable":true,"href":"https:\/\/hcpderie.fr\/index.php?rest_route=\/wp\/v2\/media\/2832"}],"wp:attachment":[{"href":"https:\/\/hcpderie.fr\/index.php?rest_route=%2Fwp%2Fv2%2Fmedia&parent=2831"}],"wp:term":[{"taxonomy":"category","embeddable":true,"href":"https:\/\/hcpderie.fr\/index.php?rest_route=%2Fwp%2Fv2%2Fcategories&post=2831"},{"taxonomy":"post_tag","embeddable":true,"href":"https:\/\/hcpderie.fr\/index.php?rest_route=%2Fwp%2Fv2%2Ftags&post=2831"}],"curies":[{"name":"wp","href":"https:\/\/api.w.org\/{rel}","templated":true}]}}