{"id":2818,"date":"2022-05-03T13:36:00","date_gmt":"2022-05-03T11:36:00","guid":{"rendered":"https:\/\/hcpderie.fr\/?p=2818"},"modified":"2026-03-24T14:08:10","modified_gmt":"2026-03-24T13:08:10","slug":"lhistorienne-aurelie-luneau-intervient-sur-la-resistance-et-radio-londres","status":"publish","type":"post","link":"https:\/\/hcpderie.fr\/?p=2818","title":{"rendered":"L\u2019historienne Aur\u00e9lie Luneau intervient sur la r\u00e9sistance et Radio Londres"},"content":{"rendered":"\t\t<div data-elementor-type=\"wp-post\" data-elementor-id=\"2818\" class=\"elementor elementor-2818\">\n\t\t\t\t<div class=\"elementor-element elementor-element-d581382 e-flex e-con-boxed e-con e-parent\" data-id=\"d581382\" data-element_type=\"container\" data-e-type=\"container\">\n\t\t\t\t\t<div class=\"e-con-inner\">\n\t\t\t\t<div class=\"elementor-element elementor-element-f280cef elementor-widget elementor-widget-heading\" data-id=\"f280cef\" data-element_type=\"widget\" data-e-type=\"widget\" data-widget_type=\"heading.default\">\n\t\t\t\t\t<h2 class=\"elementor-heading-title elementor-size-default\">L\u2019historienne Aur\u00e9lie Luneau intervient sur la r\u00e9sistance et Radio Londres<\/h2>\t\t\t\t<\/div>\n\t\t\t\t\t<\/div>\n\t\t\t\t<\/div>\n\t\t<div class=\"elementor-element elementor-element-fd8f4d8 e-flex e-con-boxed e-con e-parent\" data-id=\"fd8f4d8\" data-element_type=\"container\" data-e-type=\"container\">\n\t\t\t\t\t<div class=\"e-con-inner\">\n\t\t\t\t<div class=\"elementor-element elementor-element-07021bd elementor-widget elementor-widget-text-editor\" data-id=\"07021bd\" data-element_type=\"widget\" data-e-type=\"widget\" data-widget_type=\"text-editor.default\">\n\t\t\t\t\t\t\t\t\t<h5>L\u2019association Histoire, culture et patrimoine du Pays de Ri\u00e9 a invit\u00e9 l\u2019historienne et journaliste, Aur\u00e9lie Luneau, pour une conf\u00e9rence sur la r\u00e9sistance des citoyens fran\u00e7ais \u00e0 travers Radio Londres pendant la Seconde Guerre mondiale.<\/h5><h5>L\u2019association Histoire, culture et patrimoine du Pays de Ri\u00e9 a invit\u00e9 Aur\u00e9lie Luneau, docteure en histoire du XX<sup>e<\/sup>\u00a0si\u00e8cle et journaliste \u00e0\u00a0<em>Radio France<\/em>, \u00e0 intervenir pour une conf\u00e9rence sur la r\u00e9sistance en France pendant l\u2019occupation allemande de 1940 \u00e0 1944, ce mercredi 4 mai.<\/h5><h5 id=\"bloc_3quarts_1__parentOf__placeholder_apres_1_desktop\" class=\"_b su-visible-lg su-visible-xl\">\u00a0<\/h5><h5><q>Tout est li\u00e9 dans mes travaux,<span class=\"incise\">\u00a0indique Aur\u00e9lie Luneau.<\/span>\u00a0J\u2019ai \u00e9crit ma th\u00e8se d\u2019histoire sur comment\u00a0<em>Radio Londres<\/em>, la\u00a0<em>BBC<\/em>, pendant la Seconde Guerre mondiale, a entra\u00een\u00e9 les auditeurs fran\u00e7ais vers la r\u00e9sistance civile \u00e0 l\u2019occupant allemand. J\u2019ai travaill\u00e9 pendant dix ans sur le sujet, c\u2019est ce qui m\u2019a fait rentrer \u00e0\u00a0<em>Radio France\u00a0<\/em>o\u00f9 j\u2019anime des \u00e9missions sur\u00a0<em>France Culture<\/em>.<\/q><\/h5><p>\u00a0<\/p><figure style=\"width: 1260px\" class=\"wp-caption alignnone\"><img fetchpriority=\"high\" decoding=\"async\" src=\"https:\/\/media.ouest-france.fr\/v1\/pictures\/MjAyMjA1YTJjOGM5NjA2YmE4ZjQyOGRiMTE5MmFkNjc5ZTdmZjY?width=1260&amp;height=708&amp;focuspoint=55%2C57&amp;cropresize=1&amp;client_id=bpeditorial&amp;sign=194b73ab8439f5cd6331a661587f5db1c48a01c0d386facfd411f7bf5b813438\" alt=\"Aur\u00e9lie Luneau, historienne et journaliste \u00e0 Radio France, est sp\u00e9cialiste du r\u00f4le de Radio Londres dans la r\u00e9sistance fran\u00e7aise lors de la 2ne guerre mondiale.\" width=\"1260\" height=\"708\" \/><figcaption class=\"wp-caption-text\"><em>Aur\u00e9lie Luneau, historienne et journaliste \u00e0 Radio France, est sp\u00e9cialiste du r\u00f4le de Radio Londres dans la r\u00e9sistance fran\u00e7aise lors de la 2ne guerre mondiale<\/em><\/figcaption><\/figure><div><br \/>\u00a0<h5 id=\"section-4-lettres-inedites-de-francais-a-la-bbc\">Lettres in\u00e9dites de Fran\u00e7ais \u00e0 la BBC<\/h5><h5>Son travail est paru dans l\u2019ouvrage\u00a0<em>Radio Londres. Les voix de la libert\u00e9. 1940-1944.<\/em>(2010). Dans<em>\u00a0Je vous \u00e9cris de France (<\/em>2014), elle a publi\u00e9 une s\u00e9lection de lettres \u00e9crites par les citoyens fran\u00e7ais aux speakers de la\u00a0<em>BBC<\/em>, conserv\u00e9s par des archives en Angleterre. Elle a aussi explor\u00e9 la correspondance de soldats allemands et les grands discours qui ont travers\u00e9 les si\u00e8cles dont celui de l\u2019Appel du 18 juin.<\/h5><h5 id=\"bloc_3quarts_1__parentOf__placeholder_apres_3_bis\" class=\"_b\" data-trk=\"[{&amp;quot;n&amp;quot;:&amp;quot;editorial-block-provider\/api-recommendation-content-list&amp;quot;,&amp;quot;o&amp;quot;:&amp;quot;BP Edito&amp;quot;,&amp;quot;v&amp;quot;:&amp;quot;1.3.7&amp;quot;}]\">\u00a0<\/h5><h5 id=\"bloc_3quarts_1__parentOf__placeholder_apres_3_desktop\" class=\"_b su-visible-lg su-visible-xl\">\u00a0<\/h5><h5 id=\"bloc_3quarts_1__parentOf__placeholder_antepenultieme_desktop\" class=\"_b su-visible-lg su-visible-xl\">\u00a0<\/h5><h5>Sa venue \u00e0 Saint-Hilaire est une premi\u00e8re pour l\u2019historienne qui revient sur ses terres de c\u0153ur.\u00a0<q>J\u2019ai beaucoup voyag\u00e9 durant mon enfance du fait de la profession de mes parents. Mais ils avaient achet\u00e9 une maison \u00e0 Sion o\u00f9 nous nous rendions aux vacances scolaires. Mon ancrage est \u00e0 Saint-Hilaire-de-Riez. Cette conf\u00e9rence sera un moment particulier pour moi.<\/q><\/h5><div id=\"poool_pave2\">\u00a0<\/div><h5 id=\"bloc_3quarts_1__parentOf__placeholder_apres_4_desktop\" class=\"_b su-visible-lg su-visible-xl\">\u00a0<\/h5><h5 id=\"bloc_3quarts_1__parentOf__placeholder_avant_dernier_desktop\" class=\"_b su-visible-lg su-visible-xl\">\u00a0<\/h5><h5><strong>Mercredi 4 mai, 17 h,<\/strong>\u00a0salle 1 et 2 de la Par\u00e9e-Verte, \u00e0 Saint-Hilaire-de-Riez. Intervention suivie d\u2019une s\u00e9ance de d\u00e9dicaces. Entr\u00e9e gratuite.<\/h5><div>\u00a0<\/div><h5>source Ouest France Claire Giovaninetti 03\/05\/2022<\/h5><\/div>\t\t\t\t\t\t\t\t<\/div>\n\t\t\t\t\t<\/div>\n\t\t\t\t<\/div>\n\t\t<div class=\"elementor-element elementor-element-6a1c52c e-flex e-con-boxed e-con e-parent\" data-id=\"6a1c52c\" data-element_type=\"container\" data-e-type=\"container\">\n\t\t\t\t\t<div class=\"e-con-inner\">\n\t\t\t\t<div class=\"elementor-element elementor-element-cb60d82 tahefobu-main-menu-align-center tahefobu-main-menu-align--tabletleft tahefobu-main-menu-align--mobileleft tahefobu-sub-icon-caret-down tahefobu-nav-menu-bp-mobile tahefobu-mobile-menu-full-width tahefobu-mobile-menu-item-align-center tahefobu-mobile-toggle-v1 tahefobu-sub-divider-yes tahefobu-mobile-divider-yes elementor-widget elementor-widget-tahefobu-navigation-menu\" data-id=\"cb60d82\" data-element_type=\"widget\" data-e-type=\"widget\" data-widget_type=\"tahefobu-navigation-menu.default\">\n\t\t\t\t<div class=\"elementor-widget-container\">\n\t\t\t\t\t<nav class=\"tahefobu-nav-menu-container tahefobu-nav-menu-horizontal\" data-trigger=\"hover\"><ul id=\"menu-1-cb60d82\" class=\"tahefobu-nav-menu\"><li class=\"menu-item menu-item-type-post_type menu-item-object-page menu-item-home menu-item-988\"><a href=\"https:\/\/hcpderie.fr\/\" class=\"tahefobu-menu-item tahefobu-pointer-item menu-link\">Accueil<\/a><\/li>\n<\/ul><\/nav><nav class=\"tahefobu-mobile-nav-menu-container\"><div class=\"tahefobu-mobile-toggle-wrap\"><div class=\"tahefobu-mobile-toggle\"><span class=\"tahefobu-mobile-toggle-line\"><\/span><span class=\"tahefobu-mobile-toggle-line\"><\/span><span class=\"tahefobu-mobile-toggle-line\"><\/span><\/div><\/div><ul id=\"mobile-menu-2-cb60d82\" class=\"tahefobu-mobile-nav-menu\"><li class=\"menu-item menu-item-type-post_type menu-item-object-page menu-item-home menu-item-988\"><a href=\"https:\/\/hcpderie.fr\/\" class=\"tahefobu-mobile-menu-item menu-link\">Accueil<\/a><\/li>\n<\/ul><\/nav>\t\t\t\t<\/div>\n\t\t\t\t<\/div>\n\t\t\t\t\t<\/div>\n\t\t\t\t<\/div>\n\t\t\t\t<\/div>\n\t\t","protected":false},"excerpt":{"rendered":"<p>L\u2019historienne Aur\u00e9lie Luneau intervient sur la r\u00e9sistance et Radio Londres L\u2019association Histoire, culture et patrimoine du Pays de Ri\u00e9 a [&hellip;]<\/p>\n","protected":false},"author":1,"featured_media":2830,"comment_status":"closed","ping_status":"closed","sticky":false,"template":"","format":"standard","meta":{"_angie_page":false,"site-sidebar-layout":"default","site-content-layout":"","ast-site-content-layout":"default","site-content-style":"default","site-sidebar-style":"default","ast-global-header-display":"","ast-banner-title-visibility":"","ast-main-header-display":"","ast-hfb-above-header-display":"","ast-hfb-below-header-display":"","ast-hfb-mobile-header-display":"","site-post-title":"","ast-breadcrumbs-content":"","ast-featured-img":"","footer-sml-layout":"","ast-disable-related-posts":"","theme-transparent-header-meta":"","adv-header-id-meta":"","stick-header-meta":"","header-above-stick-meta":"","header-main-stick-meta":"","header-below-stick-meta":"","astra-migrate-meta-layouts":"default","ast-page-background-enabled":"default","ast-page-background-meta":{"desktop":{"background-color":"var(--ast-global-color-5)","background-image":"","background-repeat":"repeat","background-position":"center center","background-size":"auto","background-attachment":"scroll","background-type":"","background-media":"","overlay-type":"","overlay-color":"","overlay-opacity":"","overlay-gradient":""},"tablet":{"background-color":"","background-image":"","background-repeat":"repeat","background-position":"center center","background-size":"auto","background-attachment":"scroll","background-type":"","background-media":"","overlay-type":"","overlay-color":"","overlay-opacity":"","overlay-gradient":""},"mobile":{"background-color":"","background-image":"","background-repeat":"repeat","background-position":"center center","background-size":"auto","background-attachment":"scroll","background-type":"","background-media":"","overlay-type":"","overlay-color":"","overlay-opacity":"","overlay-gradient":""}},"ast-content-background-meta":{"desktop":{"background-color":"var(--ast-global-color-4)","background-image":"","background-repeat":"repeat","background-position":"center center","background-size":"auto","background-attachment":"scroll","background-type":"","background-media":"","overlay-type":"","overlay-color":"","overlay-opacity":"","overlay-gradient":""},"tablet":{"background-color":"var(--ast-global-color-4)","background-image":"","background-repeat":"repeat","background-position":"center center","background-size":"auto","background-attachment":"scroll","background-type":"","background-media":"","overlay-type":"","overlay-color":"","overlay-opacity":"","overlay-gradient":""},"mobile":{"background-color":"var(--ast-global-color-4)","background-image":"","background-repeat":"repeat","background-position":"center center","background-size":"auto","background-attachment":"scroll","background-type":"","background-media":"","overlay-type":"","overlay-color":"","overlay-opacity":"","overlay-gradient":""}},"page_builder":"","_jetpack_memberships_contains_paid_content":false,"footnotes":""},"categories":[10],"tags":[],"class_list":["post-2818","post","type-post","status-publish","format-standard","has-post-thumbnail","hentry","category-presse"],"aioseo_notices":[],"jetpack_featured_media_url":"https:\/\/hcpderie.fr\/wp-content\/uploads\/2022\/05\/aurelie-luneau.webp","jetpack_sharing_enabled":true,"jetpack_likes_enabled":true,"rttpg_featured_image_url":{"full":["https:\/\/hcpderie.fr\/wp-content\/uploads\/2022\/05\/aurelie-luneau.webp",630,354,false],"landscape":["https:\/\/hcpderie.fr\/wp-content\/uploads\/2022\/05\/aurelie-luneau.webp",630,354,false],"portraits":["https:\/\/hcpderie.fr\/wp-content\/uploads\/2022\/05\/aurelie-luneau.webp",630,354,false],"thumbnail":["https:\/\/hcpderie.fr\/wp-content\/uploads\/2022\/05\/aurelie-luneau-150x150.webp",150,150,true],"medium":["https:\/\/hcpderie.fr\/wp-content\/uploads\/2022\/05\/aurelie-luneau-300x169.webp",300,169,true],"large":["https:\/\/hcpderie.fr\/wp-content\/uploads\/2022\/05\/aurelie-luneau.webp",630,354,false],"1536x1536":["https:\/\/hcpderie.fr\/wp-content\/uploads\/2022\/05\/aurelie-luneau.webp",630,354,false],"2048x2048":["https:\/\/hcpderie.fr\/wp-content\/uploads\/2022\/05\/aurelie-luneau.webp",630,354,false]},"rttpg_author":{"display_name":"ADMIN17","author_link":"https:\/\/hcpderie.fr\/?author=1"},"rttpg_comment":0,"rttpg_category":"<a href=\"https:\/\/hcpderie.fr\/?cat=10\" rel=\"category\">presse<\/a>","rttpg_excerpt":"L\u2019historienne Aur\u00e9lie Luneau intervient sur la r\u00e9sistance et Radio Londres L\u2019association Histoire, culture et patrimoine du Pays de Ri\u00e9 a [&hellip;]","_links":{"self":[{"href":"https:\/\/hcpderie.fr\/index.php?rest_route=\/wp\/v2\/posts\/2818","targetHints":{"allow":["GET"]}}],"collection":[{"href":"https:\/\/hcpderie.fr\/index.php?rest_route=\/wp\/v2\/posts"}],"about":[{"href":"https:\/\/hcpderie.fr\/index.php?rest_route=\/wp\/v2\/types\/post"}],"author":[{"embeddable":true,"href":"https:\/\/hcpderie.fr\/index.php?rest_route=\/wp\/v2\/users\/1"}],"replies":[{"embeddable":true,"href":"https:\/\/hcpderie.fr\/index.php?rest_route=%2Fwp%2Fv2%2Fcomments&post=2818"}],"version-history":[{"count":10,"href":"https:\/\/hcpderie.fr\/index.php?rest_route=\/wp\/v2\/posts\/2818\/revisions"}],"predecessor-version":[{"id":2829,"href":"https:\/\/hcpderie.fr\/index.php?rest_route=\/wp\/v2\/posts\/2818\/revisions\/2829"}],"wp:featuredmedia":[{"embeddable":true,"href":"https:\/\/hcpderie.fr\/index.php?rest_route=\/wp\/v2\/media\/2830"}],"wp:attachment":[{"href":"https:\/\/hcpderie.fr\/index.php?rest_route=%2Fwp%2Fv2%2Fmedia&parent=2818"}],"wp:term":[{"taxonomy":"category","embeddable":true,"href":"https:\/\/hcpderie.fr\/index.php?rest_route=%2Fwp%2Fv2%2Fcategories&post=2818"},{"taxonomy":"post_tag","embeddable":true,"href":"https:\/\/hcpderie.fr\/index.php?rest_route=%2Fwp%2Fv2%2Ftags&post=2818"}],"curies":[{"name":"wp","href":"https:\/\/api.w.org\/{rel}","templated":true}]}}