{"id":2204,"date":"2022-09-12T09:38:00","date_gmt":"2022-09-12T07:38:00","guid":{"rendered":"https:\/\/hcpderie.fr\/myfreshinstall01\/?p=2204"},"modified":"2026-03-26T11:12:50","modified_gmt":"2026-03-26T10:12:50","slug":"atelier-genealogie","status":"publish","type":"post","link":"https:\/\/hcpderie.fr\/?p=2204","title":{"rendered":"Atelier \u00ab\u00a0G\u00e9n\u00e9alogie\u00a0\u00bb"},"content":{"rendered":"\t\t<div data-elementor-type=\"wp-post\" data-elementor-id=\"2204\" class=\"elementor elementor-2204\">\n\t\t\t\t<div class=\"elementor-element elementor-element-2064d24f e-flex e-con-boxed e-con e-parent\" data-id=\"2064d24f\" data-element_type=\"container\" data-e-type=\"container\">\n\t\t\t\t\t<div class=\"e-con-inner\">\n\t\t\t\t<div class=\"elementor-element elementor-element-05842b8 elementor-widget__width-initial elementor-widget elementor-widget-heading\" data-id=\"05842b8\" data-element_type=\"widget\" data-e-type=\"widget\" data-widget_type=\"heading.default\">\n\t\t\t\t\t<h2 class=\"elementor-heading-title elementor-size-default\">Notre atelier g\u00e9n\u00e9alogie<\/h2>\t\t\t\t<\/div>\n\t\t\t\t<div class=\"elementor-element elementor-element-62f0ab57 elementor-widget elementor-widget-text-editor\" data-id=\"62f0ab57\" data-element_type=\"widget\" data-e-type=\"widget\" data-widget_type=\"text-editor.default\">\n\t\t\t\t\t\t\t\t\t<h5><!-- \/wp:heading --><!-- wp:list --><\/h5>\n<ul class=\"wp-block-list\">\n<li style=\"list-style-type: none;\">\n<ul class=\"wp-block-list\"><!-- wp:list-item --><\/ul>\n<\/li>\n<\/ul>\n<h5><strong>l\u2019atelier \u00ab G\u00e9n\u00e9alogie \u00bb a lieu le mardi\u00a0<\/strong><em><strong>\u00e0 la Maison des Associations \u00ab\u00a0La Par\u00e9e Verte\u00a0\u00bb<br \/><\/strong><\/em><em>Chemin des Garennes. 85270 Saint-Hilaire-de-Riez \u2013\u00a0 T\u00e9l\/ 07 88 68 09 91<\/em><\/h5>\n<p><!-- \/wp:list-item --><\/p>\n<h5><!-- \/wp:list --><!-- wp:heading {\"level\":4} --><\/h5>\n<h5><!-- \/wp:heading --><!-- wp:paragraph --><\/h5>\n<h5><strong>En adh\u00e9rent \u00e0 l\u2019association HCPPRV, vous pourrez participer \u00e0 chaque atelier<\/strong><\/h5>\n<h5><!-- \/wp:paragraph --><!-- wp:paragraph --><\/h5>\n<h5>\u00a0<\/h5>\n<p>\u00a0<\/p>\n<h5><strong style=\"font-size: 1.2em;\">Dans le cadre de ses activit\u00e9s culturelles, <\/strong><strong style=\"font-size: 1.2em;\">l\u2019association HCPPR propose \u00e0 ses adh\u00e9rents un atelier \u00ab\u00a0G\u00e9n\u00e9alogie\u00a0\u00bb<\/strong><\/h5>\n<p>\u00a0<\/p>\n<h5><!-- \/wp:paragraph --><!-- wp:paragraph --><\/h5>\n<h5>En participant \u00e0 l\u2019atelier, vous pourrez soumettre vos interrogations sur \u00ab\u00a0l\u2019art de la g\u00e9n\u00e9alogie\u00a0\u00bb. Chaque animateur vous accompagne dans vos recherches g\u00e9n\u00e9alogiques. Que votre famille soit originaire de Vend\u00e9e ou d\u2019ailleurs, vos a\u00efeux sont peut-\u00eatre originaires de notre canton.<\/h5>\n<h5><!-- \/wp:paragraph --><!-- wp:paragraph --><\/h5>\n<h5>La signification de votre patronyme, du m\u00e9tier qu\u2019exer\u00e7ait votre a\u00efeul, de ses lieux de vie, de ses us et coutumes ou de ses faits de guerre peut questionner.<br \/>Si nous ne connaissons pas la r\u00e9ponse, nous la rechercherons ensemble.<br \/>Cet a\u00efeul a peut-\u00eatre port\u00e9 la L\u00e9gion d\u2019honneur ?<\/h5>\n<h5><!-- \/wp:paragraph --><!-- wp:paragraph --><\/h5>\n<h5>L\u2019atelier permet aux d\u00e9butants d\u2019appr\u00e9hender les bases de la g\u00e9n\u00e9alogie.<br \/>Les \u00ab amateurs \u00bb peuvent progresser ou dispenser leur savoir g\u00e9n\u00e9alogique aux d\u00e9butants.<br \/>Une quinzaine de \u00ab mordus \u00bb participaient \u00e0 l\u2019atelier en 2022. Le nombre de convives n\u2019est pas limit\u00e9. Chacun apporte son outil informatique et ses cahiers de recherches. Plus on est de fous, plus on trouve !<\/h5>\n<h5><!-- \/wp:paragraph --><!-- wp:paragraph --><\/h5>\n<h5>Une Exposition sur \u00ab les joies de la G\u00e9n\u00e9alogie \u00bb a \u00e9t\u00e9 r\u00e9alis\u00e9e en 2022. Elle a int\u00e9ress\u00e9 de nombreuses personnes d\u00e9sireuses de \u00ab rassembler \u00bb leurs ascendants autour de l\u2019arbre g\u00e9n\u00e9alogique de leur famille.<\/h5>\n<h5><!-- \/wp:paragraph --><!-- wp:paragraph --><\/h5>\n<h5>\u00a0<\/h5>\n<h5><!-- \/wp:paragraph --><!-- wp:paragraph --><\/h5>\n<h5 id=\"caption-attachment-4175\">Nos adh\u00e9rents attentifs et f\u00e9rus d\u2019histoire de leur famille<\/h5>\n<h5><!-- \/wp:paragraph --><!-- wp:image {\"id\":2007,\"linkDestination\":\"custom\"} --><\/h5>\n<h5>\u00a0<\/h5>\n<h5><!-- \/wp:image --><\/h5>\t\t\t\t\t\t\t\t<\/div>\n\t\t\t\t<div class=\"elementor-element elementor-element-6c64337 elementor-widget__width-initial elementor-widget elementor-widget-shortcode\" data-id=\"6c64337\" data-element_type=\"widget\" data-e-type=\"widget\" data-widget_type=\"shortcode.default\">\n\t\t\t\t\t\t\t<div class=\"elementor-shortcode\"><iframe id=\"haWidgetButton\" allowtransparency=\"true\" src=\"https:\/\/www.helloasso.com\/associations\/histoire-culture-et-patrimoine-du-pays-de-rie\/adhesions\/adhesion-a-histoire-culture-et-patrimoine-du-pays-de-rie\/widget-bouton\" style=\"width: 100%; height: 70px; border: none;\"><\/iframe><\/div>\n\t\t\t\t\t\t<\/div>\n\t\t\t\t\t<\/div>\n\t\t\t\t<\/div>\n\t\t<div class=\"elementor-element elementor-element-48490a7 e-flex e-con-boxed e-con e-parent\" data-id=\"48490a7\" data-element_type=\"container\" data-e-type=\"container\">\n\t\t\t\t\t<div class=\"e-con-inner\">\n\t\t\t\t<div class=\"elementor-element elementor-element-8d192bb elementor-widget elementor-widget-image\" data-id=\"8d192bb\" data-element_type=\"widget\" data-e-type=\"widget\" data-widget_type=\"image.default\">\n\t\t\t\t\t\t\t\t\t\t\t\t\t\t\t<img fetchpriority=\"high\" decoding=\"async\" width=\"1024\" height=\"768\" src=\"https:\/\/hcpderie.fr\/wp-content\/uploads\/2022\/09\/2024-02-13-Latelier-Genealogie-scaled-1-1024x768.jpg\" class=\"attachment-large size-large wp-image-2206\" alt=\"\" srcset=\"https:\/\/hcpderie.fr\/wp-content\/uploads\/2022\/09\/2024-02-13-Latelier-Genealogie-scaled-1-1024x768.jpg 1024w, https:\/\/hcpderie.fr\/wp-content\/uploads\/2022\/09\/2024-02-13-Latelier-Genealogie-scaled-1-300x225.jpg 300w, https:\/\/hcpderie.fr\/wp-content\/uploads\/2022\/09\/2024-02-13-Latelier-Genealogie-scaled-1-768x576.jpg 768w, https:\/\/hcpderie.fr\/wp-content\/uploads\/2022\/09\/2024-02-13-Latelier-Genealogie-scaled-1-1536x1152.jpg 1536w, https:\/\/hcpderie.fr\/wp-content\/uploads\/2022\/09\/2024-02-13-Latelier-Genealogie-scaled-1-2048x1536.jpg 2048w\" sizes=\"(max-width: 1024px) 100vw, 1024px\" \/>\t\t\t\t\t\t\t\t\t\t\t\t\t\t\t<\/div>\n\t\t\t\t\t<\/div>\n\t\t\t\t<\/div>\n\t\t<div class=\"elementor-element elementor-element-ab7c06e e-flex e-con-boxed e-con e-parent\" data-id=\"ab7c06e\" data-element_type=\"container\" data-e-type=\"container\">\n\t\t\t\t\t<div class=\"e-con-inner\">\n\t\t\t\t<div class=\"elementor-element elementor-element-6df2ede tahefobu-main-menu-align-center tahefobu-main-menu-align--tabletleft tahefobu-main-menu-align--mobileleft tahefobu-sub-icon-caret-down tahefobu-nav-menu-bp-mobile tahefobu-mobile-menu-full-width tahefobu-mobile-menu-item-align-center tahefobu-mobile-toggle-v1 tahefobu-sub-divider-yes tahefobu-mobile-divider-yes elementor-widget elementor-widget-tahefobu-navigation-menu\" data-id=\"6df2ede\" data-element_type=\"widget\" data-e-type=\"widget\" data-widget_type=\"tahefobu-navigation-menu.default\">\n\t\t\t\t<div class=\"elementor-widget-container\">\n\t\t\t\t\t<nav class=\"tahefobu-nav-menu-container tahefobu-nav-menu-horizontal\" data-trigger=\"hover\"><ul id=\"menu-1-6df2ede\" class=\"tahefobu-nav-menu\"><li class=\"menu-item menu-item-type-post_type menu-item-object-page menu-item-home menu-item-988\"><a href=\"https:\/\/hcpderie.fr\/\" class=\"tahefobu-menu-item tahefobu-pointer-item menu-link\">Accueil<\/a><\/li>\n<\/ul><\/nav><nav class=\"tahefobu-mobile-nav-menu-container\"><div class=\"tahefobu-mobile-toggle-wrap\"><div class=\"tahefobu-mobile-toggle\"><span class=\"tahefobu-mobile-toggle-line\"><\/span><span class=\"tahefobu-mobile-toggle-line\"><\/span><span class=\"tahefobu-mobile-toggle-line\"><\/span><\/div><\/div><ul id=\"mobile-menu-2-6df2ede\" class=\"tahefobu-mobile-nav-menu\"><li class=\"menu-item menu-item-type-post_type menu-item-object-page menu-item-home menu-item-988\"><a href=\"https:\/\/hcpderie.fr\/\" class=\"tahefobu-mobile-menu-item menu-link\">Accueil<\/a><\/li>\n<\/ul><\/nav>\t\t\t\t<\/div>\n\t\t\t\t<\/div>\n\t\t\t\t\t<\/div>\n\t\t\t\t<\/div>\n\t\t\t\t<\/div>\n\t\t","protected":false},"excerpt":{"rendered":"<p>Notre atelier g\u00e9n\u00e9alogie l\u2019atelier \u00ab G\u00e9n\u00e9alogie \u00bb a lieu le mardi\u00a0\u00e0 la Maison des Associations \u00ab\u00a0La Par\u00e9e Verte\u00a0\u00bbChemin des Garennes. [&hellip;]<\/p>\n","protected":false},"author":1,"featured_media":2206,"comment_status":"closed","ping_status":"closed","sticky":false,"template":"","format":"standard","meta":{"_angie_page":false,"site-sidebar-layout":"default","site-content-layout":"","ast-site-content-layout":"default","site-content-style":"default","site-sidebar-style":"default","ast-global-header-display":"","ast-banner-title-visibility":"","ast-main-header-display":"","ast-hfb-above-header-display":"","ast-hfb-below-header-display":"","ast-hfb-mobile-header-display":"","site-post-title":"","ast-breadcrumbs-content":"","ast-featured-img":"","footer-sml-layout":"","ast-disable-related-posts":"","theme-transparent-header-meta":"","adv-header-id-meta":"","stick-header-meta":"","header-above-stick-meta":"","header-main-stick-meta":"","header-below-stick-meta":"","astra-migrate-meta-layouts":"default","ast-page-background-enabled":"default","ast-page-background-meta":{"desktop":{"background-color":"var(--ast-global-color-5)","background-image":"","background-repeat":"repeat","background-position":"center center","background-size":"auto","background-attachment":"scroll","background-type":"","background-media":"","overlay-type":"","overlay-color":"","overlay-opacity":"","overlay-gradient":""},"tablet":{"background-color":"","background-image":"","background-repeat":"repeat","background-position":"center center","background-size":"auto","background-attachment":"scroll","background-type":"","background-media":"","overlay-type":"","overlay-color":"","overlay-opacity":"","overlay-gradient":""},"mobile":{"background-color":"","background-image":"","background-repeat":"repeat","background-position":"center center","background-size":"auto","background-attachment":"scroll","background-type":"","background-media":"","overlay-type":"","overlay-color":"","overlay-opacity":"","overlay-gradient":""}},"ast-content-background-meta":{"desktop":{"background-color":"var(--ast-global-color-4)","background-image":"","background-repeat":"repeat","background-position":"center center","background-size":"auto","background-attachment":"scroll","background-type":"","background-media":"","overlay-type":"","overlay-color":"","overlay-opacity":"","overlay-gradient":""},"tablet":{"background-color":"var(--ast-global-color-4)","background-image":"","background-repeat":"repeat","background-position":"center center","background-size":"auto","background-attachment":"scroll","background-type":"","background-media":"","overlay-type":"","overlay-color":"","overlay-opacity":"","overlay-gradient":""},"mobile":{"background-color":"var(--ast-global-color-4)","background-image":"","background-repeat":"repeat","background-position":"center center","background-size":"auto","background-attachment":"scroll","background-type":"","background-media":"","overlay-type":"","overlay-color":"","overlay-opacity":"","overlay-gradient":""}},"page_builder":"","_jetpack_memberships_contains_paid_content":false,"footnotes":""},"categories":[103],"tags":[],"class_list":["post-2204","post","type-post","status-publish","format-standard","has-post-thumbnail","hentry","category-atelier"],"aioseo_notices":[],"jetpack_featured_media_url":"https:\/\/hcpderie.fr\/wp-content\/uploads\/2022\/09\/2024-02-13-Latelier-Genealogie-scaled-1.jpg","jetpack_sharing_enabled":true,"jetpack_likes_enabled":true,"rttpg_featured_image_url":{"full":["https:\/\/hcpderie.fr\/wp-content\/uploads\/2022\/09\/2024-02-13-Latelier-Genealogie-scaled-1.jpg",2560,1920,false],"landscape":["https:\/\/hcpderie.fr\/wp-content\/uploads\/2022\/09\/2024-02-13-Latelier-Genealogie-scaled-1.jpg",2560,1920,false],"portraits":["https:\/\/hcpderie.fr\/wp-content\/uploads\/2022\/09\/2024-02-13-Latelier-Genealogie-scaled-1.jpg",2560,1920,false],"thumbnail":["https:\/\/hcpderie.fr\/wp-content\/uploads\/2022\/09\/2024-02-13-Latelier-Genealogie-scaled-1-150x150.jpg",150,150,true],"medium":["https:\/\/hcpderie.fr\/wp-content\/uploads\/2022\/09\/2024-02-13-Latelier-Genealogie-scaled-1-300x225.jpg",300,225,true],"large":["https:\/\/hcpderie.fr\/wp-content\/uploads\/2022\/09\/2024-02-13-Latelier-Genealogie-scaled-1-1024x768.jpg",1024,768,true],"1536x1536":["https:\/\/hcpderie.fr\/wp-content\/uploads\/2022\/09\/2024-02-13-Latelier-Genealogie-scaled-1-1536x1152.jpg",1536,1152,true],"2048x2048":["https:\/\/hcpderie.fr\/wp-content\/uploads\/2022\/09\/2024-02-13-Latelier-Genealogie-scaled-1-2048x1536.jpg",2048,1536,true]},"rttpg_author":{"display_name":"ADMIN17","author_link":"https:\/\/hcpderie.fr\/?author=1"},"rttpg_comment":0,"rttpg_category":"<a href=\"https:\/\/hcpderie.fr\/?cat=103\" rel=\"category\">atelier<\/a>","rttpg_excerpt":"Notre atelier g\u00e9n\u00e9alogie l\u2019atelier \u00ab G\u00e9n\u00e9alogie \u00bb a lieu le mardi\u00a0\u00e0 la Maison des Associations \u00ab\u00a0La Par\u00e9e Verte\u00a0\u00bbChemin des Garennes. [&hellip;]","_links":{"self":[{"href":"https:\/\/hcpderie.fr\/index.php?rest_route=\/wp\/v2\/posts\/2204","targetHints":{"allow":["GET"]}}],"collection":[{"href":"https:\/\/hcpderie.fr\/index.php?rest_route=\/wp\/v2\/posts"}],"about":[{"href":"https:\/\/hcpderie.fr\/index.php?rest_route=\/wp\/v2\/types\/post"}],"author":[{"embeddable":true,"href":"https:\/\/hcpderie.fr\/index.php?rest_route=\/wp\/v2\/users\/1"}],"replies":[{"embeddable":true,"href":"https:\/\/hcpderie.fr\/index.php?rest_route=%2Fwp%2Fv2%2Fcomments&post=2204"}],"version-history":[{"count":20,"href":"https:\/\/hcpderie.fr\/index.php?rest_route=\/wp\/v2\/posts\/2204\/revisions"}],"predecessor-version":[{"id":2888,"href":"https:\/\/hcpderie.fr\/index.php?rest_route=\/wp\/v2\/posts\/2204\/revisions\/2888"}],"wp:featuredmedia":[{"embeddable":true,"href":"https:\/\/hcpderie.fr\/index.php?rest_route=\/wp\/v2\/media\/2206"}],"wp:attachment":[{"href":"https:\/\/hcpderie.fr\/index.php?rest_route=%2Fwp%2Fv2%2Fmedia&parent=2204"}],"wp:term":[{"taxonomy":"category","embeddable":true,"href":"https:\/\/hcpderie.fr\/index.php?rest_route=%2Fwp%2Fv2%2Fcategories&post=2204"},{"taxonomy":"post_tag","embeddable":true,"href":"https:\/\/hcpderie.fr\/index.php?rest_route=%2Fwp%2Fv2%2Ftags&post=2204"}],"curies":[{"name":"wp","href":"https:\/\/api.w.org\/{rel}","templated":true}]}}